{"id":174710,"date":"2025-06-23T08:01:48","date_gmt":"2025-06-23T11:01:48","guid":{"rendered":"https:\/\/cdnoticias.com\/?p=174710"},"modified":"2025-06-23T08:01:50","modified_gmt":"2025-06-23T11:01:50","slug":"preinscripcion-para-el-1er-ano-de-la-escuela-nacional-adolfo-perez-esquivel-para-el-ciclo-2026","status":"publish","type":"post","link":"https:\/\/cdnoticias.com\/index.php\/2025\/06\/23\/preinscripcion-para-el-1er-ano-de-la-escuela-nacional-adolfo-perez-esquivel-para-el-ciclo-2026\/","title":{"rendered":"Preinscripci\u00f3n para el 1er a\u00f1o de la Escuela Nacional Adolfo P\u00e9rez Esquivel para el ciclo 2026"},"content":{"rendered":"\n<p>Comenzar\u00e1 el 4 de julio de forma 100% virtual, mientras que el sorteo de ingresantes ser\u00e1 en septiembre. Los detalles.<\/p>\n\n\n\n<hr class=\"wp-block-separator aligncenter has-alpha-channel-opacity\"\/>\n\n\n\n<p>La Escuela Nacional Adolfo P\u00e9rez Esquivel, perteneciente a la Universidad Nacional del Centro de la Provincia de Buenos Aires, informa que del <strong>4 de julio a las 8:00<\/strong> al <strong>5 de septiembre a las 15:00<\/strong> horas estar\u00e1 abierta la preinscripci\u00f3n para aspirantes a ingresar a 1er A\u00f1o de la Escuela Secundaria para el Ciclo Lectivo 2026.<\/p>\n\n\n\n<p>La preinscripci\u00f3n se realizar\u00e1 de manera <strong>100% virtual<\/strong> a trav\u00e9s del link: <a class=\"\" href=\"https:\/\/enape.comunidadeduar.com.ar\/preinscripcion\">https:\/\/enape.comunidadeduar.com.ar\/preinscripcion<\/a>, que estar\u00e1 activo a partir del 4 de julio. Al ingresar, la familia o tutor\/a del estudiante deber\u00e1 completar el formulario requerido y adjuntar fotos de ambos lados del <strong>DNI<\/strong> del aspirante.<\/p>\n\n\n\n<p>Una vez finalizada esta etapa, la escuela revisar\u00e1 los datos proporcionados y confirmar\u00e1 la inscripci\u00f3n al mail indicado en el formulario, excepto durante el per\u00edodo de receso escolar.<\/p>\n\n\n\n<p>Por consultas, la comunidad educativa de ENAPE puso a disposici\u00f3n la casilla de correo electr\u00f3nico: <strong><a>comunidadenape@gmail.com<\/a><\/strong>.<\/p>\n\n\n\n<p><\/p>\n\n\n\n<h4 class=\"wp-block-heading\">Sorteo de ingresantes<\/h4>\n\n\n\n<p>El sorteo para asignar las vacantes disponibles se llevar\u00e1 a cabo el <strong>viernes 12 de septiembre a las 18:00<\/strong> de manera virtual. El procedimiento ser\u00e1 transmitido en vivo para todos los preinscriptos, a trav\u00e9s de una plataforma especialmente habilitada para esta ocasi\u00f3n. El link de acceso ser\u00e1 informado por correo electr\u00f3nico y mediante los canales oficiales de la instituci\u00f3n.<\/p>\n\n\n\n<p>Se permitir\u00e1 presenciar el sorteo en vivo o acceder a la transmisi\u00f3n en cualquier momento posterior para garantizar la transparencia del procedimiento, que contar\u00e1 con la fiscalizaci\u00f3n correspondiente y la colocaci\u00f3n de los troqueles de cada aspirante en vivo.<\/p>\n","protected":false},"excerpt":{"rendered":"<p>Comenzar\u00e1 el 4 de julio de forma 100% virtual, mientras que el sorteo de ingresantes ser\u00e1 en septiembre. Los detalles.<\/p>\n","protected":false},"author":2,"featured_media":174711,"comment_status":"closed","ping_status":"closed","sticky":false,"template":"","format":"standard","meta":{"_jetpack_memberships_contains_paid_content":false,"footnotes":""},"categories":[5,1],"tags":[],"class_list":["post-174710","post","type-post","status-publish","format-standard","has-post-thumbnail","hentry","category-informacion-general","category-portada"],"jetpack_featured_media_url":"https:\/\/i0.wp.com\/cdnoticias.com\/wp-content\/uploads\/2025\/06\/slide-enape.jpeg?fit=950%2C616&ssl=1","jetpack_sharing_enabled":true,"_links":{"self":[{"href":"https:\/\/cdnoticias.com\/index.php\/wp-json\/wp\/v2\/posts\/174710","targetHints":{"allow":["GET"]}}],"collection":[{"href":"https:\/\/cdnoticias.com\/index.php\/wp-json\/wp\/v2\/posts"}],"about":[{"href":"https:\/\/cdnoticias.com\/index.php\/wp-json\/wp\/v2\/types\/post"}],"author":[{"embeddable":true,"href":"https:\/\/cdnoticias.com\/index.php\/wp-json\/wp\/v2\/users\/2"}],"replies":[{"embeddable":true,"href":"https:\/\/cdnoticias.com\/index.php\/wp-json\/wp\/v2\/comments?post=174710"}],"version-history":[{"count":0,"href":"https:\/\/cdnoticias.com\/index.php\/wp-json\/wp\/v2\/posts\/174710\/revisions"}],"wp:featuredmedia":[{"embeddable":true,"href":"https:\/\/cdnoticias.com\/index.php\/wp-json\/wp\/v2\/media\/174711"}],"wp:attachment":[{"href":"https:\/\/cdnoticias.com\/index.php\/wp-json\/wp\/v2\/media?parent=174710"}],"wp:term":[{"taxonomy":"category","embeddable":true,"href":"https:\/\/cdnoticias.com\/index.php\/wp-json\/wp\/v2\/categories?post=174710"},{"taxonomy":"post_tag","embeddable":true,"href":"https:\/\/cdnoticias.com\/index.php\/wp-json\/wp\/v2\/tags?post=174710"}],"curies":[{"name":"wp","href":"https:\/\/api.w.org\/{rel}","templated":true}]}}