{"id":17471,"date":"2021-03-29T20:33:22","date_gmt":"2021-03-29T23:33:22","guid":{"rendered":"http:\/\/www.centraldenoticias.com.ar\/?p=17471"},"modified":"2021-03-30T08:21:03","modified_gmt":"2021-03-30T11:21:03","slug":"garantias-confirmo-la-detencion-del-acusado-por-el-asalto-en-parque-cerrito","status":"publish","type":"post","link":"https:\/\/cdnoticias.com\/index.php\/2021\/03\/29\/garantias-confirmo-la-detencion-del-acusado-por-el-asalto-en-parque-cerrito\/","title":{"rendered":"Garant\u00edas confirm\u00f3 la detenci\u00f3n del acusado por el asalto en Parque Cerrito"},"content":{"rendered":"<p>El caso se registr\u00f3 a fines de la semana pasada y la v\u00edctima, seg\u00fan se investiga, fue enga\u00f1ada para concurrir a ese lugar, donde fue atacada por 5 personas.<!--more--><\/p>\n<hr \/>\n<p>En las \u00faltimas horas la jueza Fabiana San Rom\u00e1n, titular del Juzgado de Garant\u00edas local N\u00b0 1, acompa\u00f1\u00f3 el planteo del fiscal en turno Christian Url\u00e9zaga y <strong>convirti\u00f3 en detenci\u00f3n la aprehensi\u00f3n de un hombre de 40 a\u00f1os que se encuentra acusado de un violento hecho que se registr\u00f3 a fines de la semana pasada en Parque Cerrito<\/strong>, donde <a href=\"https:\/\/cdnoticias.com\/index.php\/2021\/03\/25\/lograron-esclarecer-un-asalto-y-retuvieron-a-un-hombre-de-40-anos\/\" target=\"_blank\" rel=\"noopener\">un hombre fue atacado por, al menos, 5 personas y sufri\u00f3 el robo de su moto<\/a>, que fue recuperada minutos m\u00e1s tarde gracias a un operativo cerrojo de agentes del Comando de Patrullas y comisar\u00eda Primera.<\/p>\n<p>&nbsp;<\/p>\n<p>Tal como se confi\u00f3 a este portal, <strong>la magistrada local no s\u00f3lo acompa\u00f1\u00f3 el planteo del titular de la fiscal\u00eda 7, sino que adem\u00e1s ratific\u00f3 cada una de las figuras penales por las que se encuentra imputado el \u00fanico acusado que tiene actualmente la causa<\/strong>. Vale recordar que el hecho fue encuadrado como \u201crobo doblemente agravado por el uso de arma y por su comisi\u00f3n en poblado y banda\u201d, en grado de tentativa y en concurso real de acciones con \u201cportaci\u00f3n ilegal de arma de guerra\u201d, ya que al momento de la captura se le hall\u00f3 un arma y proyectiles.<\/p>\n<p>&nbsp;<\/p>\n<p><img data-recalc-dims=\"1\" loading=\"lazy\" decoding=\"async\" class=\"alignnone size-large wp-image-1882\" src=\"https:\/\/i0.wp.com\/cdnoticias.com\/wp-content\/uploads\/2020\/09\/WhatsApp-Image-2020-08-31-at-16.11.41-4.jpeg?resize=800%2C600&#038;ssl=1\" alt=\"\" width=\"800\" height=\"600\" \/><\/p>\n<p>&nbsp;<\/p>\n<p>El \u00a0caso se registr\u00f3 el pasado jueves sobre el extremo norte del casco urbano local, donde la v\u00edctima habr\u00eda sido citada por uno de sus agresores. <strong>Una de las hip\u00f3tesis que barajan los investigadores es que el hombre fue enga\u00f1ado para concurrir a ese sitio, donde se le habr\u00eda reclamado por una presunta \u201cdeuda\u201d. Lo concreto es que fue amenazada por un grupo de personas que adem\u00e1s le rob\u00f3 su moto.<\/strong><\/p>\n<p>&nbsp;<\/p>\n<p><strong>La r\u00e1pida respuesta del personal de seguridad permiti\u00f3 no s\u00f3lo el hallazgo de uno de los presuntos autores, sino adem\u00e1s recuperar la moto<\/strong>. <a href=\"https:\/\/cdnoticias.com\/index.php\/2021\/03\/26\/pidieron-la-detencion-del-acusado-por-un-intento-de-asalto-en-parque-cerrito\/\" target=\"_blank\" rel=\"noopener\">El acusado horas m\u00e1s tarde se neg\u00f3 a declarar<\/a> y actualmente permanece alojado en la comisar\u00eda Primera, pero en virtud de esta novedad en cuanto a su situaci\u00f3n procesal podr\u00eda ser remitido a una sede carcelaria en las pr\u00f3ximas horas.<\/p>\n","protected":false},"excerpt":{"rendered":"<p>El caso se registr\u00f3 a fines de la semana pasada y la v\u00edctima, seg\u00fan se investiga, fue enga\u00f1ada para concurrir<\/p>\n","protected":false},"author":3,"featured_media":17179,"comment_status":"closed","ping_status":"closed","sticky":false,"template":"","format":"standard","meta":{"_jetpack_memberships_contains_paid_content":false,"footnotes":""},"categories":[14,1],"tags":[],"class_list":["post-17471","post","type-post","status-publish","format-standard","has-post-thumbnail","hentry","category-policiales","category-portada"],"jetpack_featured_media_url":"https:\/\/i0.wp.com\/cdnoticias.com\/wp-content\/uploads\/2021\/03\/WhatsApp-Image-2021-03-25-at-19.53.23.jpeg?fit=1280%2C960&ssl=1","jetpack_sharing_enabled":true,"_links":{"self":[{"href":"https:\/\/cdnoticias.com\/index.php\/wp-json\/wp\/v2\/posts\/17471","targetHints":{"allow":["GET"]}}],"collection":[{"href":"https:\/\/cdnoticias.com\/index.php\/wp-json\/wp\/v2\/posts"}],"about":[{"href":"https:\/\/cdnoticias.com\/index.php\/wp-json\/wp\/v2\/types\/post"}],"author":[{"embeddable":true,"href":"https:\/\/cdnoticias.com\/index.php\/wp-json\/wp\/v2\/users\/3"}],"replies":[{"embeddable":true,"href":"https:\/\/cdnoticias.com\/index.php\/wp-json\/wp\/v2\/comments?post=17471"}],"version-history":[{"count":0,"href":"https:\/\/cdnoticias.com\/index.php\/wp-json\/wp\/v2\/posts\/17471\/revisions"}],"wp:featuredmedia":[{"embeddable":true,"href":"https:\/\/cdnoticias.com\/index.php\/wp-json\/wp\/v2\/media\/17179"}],"wp:attachment":[{"href":"https:\/\/cdnoticias.com\/index.php\/wp-json\/wp\/v2\/media?parent=17471"}],"wp:term":[{"taxonomy":"category","embeddable":true,"href":"https:\/\/cdnoticias.com\/index.php\/wp-json\/wp\/v2\/categories?post=17471"},{"taxonomy":"post_tag","embeddable":true,"href":"https:\/\/cdnoticias.com\/index.php\/wp-json\/wp\/v2\/tags?post=17471"}],"curies":[{"name":"wp","href":"https:\/\/api.w.org\/{rel}","templated":true}]}}