{"id":174694,"date":"2025-06-21T20:04:44","date_gmt":"2025-06-21T23:04:44","guid":{"rendered":"https:\/\/cdnoticias.com\/?p=174694"},"modified":"2025-06-21T20:04:46","modified_gmt":"2025-06-21T23:04:46","slug":"el-presidente-de-brasil-lula-da-silva-viene-a-visitar-a-cristina-kirchner","status":"publish","type":"post","link":"https:\/\/cdnoticias.com\/index.php\/2025\/06\/21\/el-presidente-de-brasil-lula-da-silva-viene-a-visitar-a-cristina-kirchner\/","title":{"rendered":"El presidente de Brasil \u201cLula\u201d Da Silva, viene a visitar a Cristina Kirchner"},"content":{"rendered":"\n<p>Seg\u00fan dijo el diputado del PT Paulo Pimienta la fecha a\u00fan no est\u00e1 cerrada, pero ser\u00e1 durante los primeros d\u00edas de julio.&nbsp;<\/p>\n\n\n\n<hr class=\"wp-block-separator aligncenter has-alpha-channel-opacity\"\/>\n\n\n\n<p>La<strong> ex presidenta Cristina Fern\u00e1ndez de Kirchner recibir\u00e1 la primera visita internacional <\/strong>en su lugar de detenci\u00f3n en los pr\u00f3ximos d\u00edas: se trata del presidente de Brasil, Luiz Inacio \u201c<strong>Lula\u201d Da Silva<\/strong>, quien <strong>llegar\u00e1 al pa\u00eds en julio.<\/strong><\/p>\n\n\n\n<p><\/p>\n\n\n\n<p>La visita del presidente de Brasil forma parte de la<strong> campa\u00f1a internacional que se lanz\u00f3 desde el PJ<\/strong> el pasado fin de semana, cuando, en medio del encadenamiento de reuniones, el diputado M\u00e1ximo Kirchner recibi\u00f3 a medios internacionales en donde se lanz\u00f3 el esl\u00f3gan<strong> \u201cCristina Libre\u201d que emula al de \u201cLula Libre\u201d <\/strong>que durante casi dos a\u00f1os mantuvieron los seguidores del l\u00edder del PT mientras estuvo detenido en Curitiba.<\/p>\n\n\n\n<p><\/p>\n\n\n\n<p>El encargado de llevar adelante la campa\u00f1a Cristina Libre en el exterior es el<strong> Secretario de Relaciones Internacionales del PJ, Gustavo Menendez<\/strong>. Durante el s\u00e1bado pasado se realiz\u00f3 un encuentro en la sede del partido con medios internacionales y ex cancilleres de administraciones peronistas como <strong>Felipe Sol\u00e1 y Jorge Taiana.<\/strong><\/p>\n\n\n\n<p><\/p>\n\n\n\n<blockquote class=\"wp-block-quote is-layout-flow wp-block-quote-is-layout-flow\">\n<p>Hace una semana atr\u00e1s, cuando se conoci\u00f3 el fallo de la Corte Suprema de Justicia de la Naci\u00f3n, el presidente de Brasil llam\u00f3 a Cristina Kirchner. En la previa, Lula hab\u00eda seguido el desarrollo judicial y pol\u00edtica v\u00eda la senadora de la provincia de Buenos Aires, y cercana a CFK, Teresa Garc\u00eda.<\/p>\n<\/blockquote>\n\n\n\n<p><\/p>\n\n\n\n<p>El mandatario brasile\u00f1o brind\u00f3 algunos detalles de la conversaci\u00f3n en su perfil de la red social. \u201c<em>Observ\u00e9 con satisfacci\u00f3n la serenidad y determinaci\u00f3n con la que Cristina enfrenta esta situaci\u00f3n adversa y su determinaci\u00f3n a seguir luchando<\/em>\u201d, indic\u00f3 el brasile\u00f1o.<\/p>\n\n\n\n<p><\/p>\n\n\n\n<blockquote class=\"wp-block-quote is-layout-flow wp-block-quote-is-layout-flow\">\n<p>Tambi\u00e9n destac\u00f3 el consejo que le ofreci\u00f3 en el intercambio que ambos l\u00edderes mantuvieron. \u201cLe habl\u00e9 de la importancia de que se mantenga fuerte en estos momentos dif\u00edciles\u201d, escribi\u00f3.\u00a0<\/p>\n<\/blockquote>\n\n\n\n<p><\/p>\n\n\n\n<p>La frase cobra importancia con el contexto: <strong>Lula Da Silva tambi\u00e9n fue condenado y encarcelado en su pa\u00eds en una causa por corrupci\u00f3n que le impidi\u00f3 competir en elecciones<\/strong>. Sin embargo, a\u00f1os despu\u00e9s, al recuperar la libertad y revertir los fallos adversos,<strong> logr\u00f3 enfrentarse en las urnas a Jair Bolsonaro<\/strong>, a quien derrot\u00f3 para volver a ejercer el Poder Ejecutivo en el pa\u00eds vecino.<\/p>\n\n\n\n<p><\/p>\n\n\n\n<p>La presencia del Presidente Lula en el departamento en donde est\u00e1 detenida CFK es, seg\u00fan se\u00f1alan fuentes del peronismo, el <strong>primero de una serie de encuentros con dirigentes de Am\u00e9rica latina <\/strong>que planean sucederse en los pr\u00f3ximos meses.\u00a0<\/p>\n\n\n\n<p><\/p>\n\n\n\n<p><em>Fuente: DIB\u00a0<\/em><\/p>\n\n\n\n<p><\/p>\n","protected":false},"excerpt":{"rendered":"<p>Seg\u00fan dijo el diputado del PT Paulo Pimienta la fecha a\u00fan no est\u00e1 cerrada, pero ser\u00e1 durante los primeros d\u00edas<\/p>\n","protected":false},"author":6,"featured_media":174695,"comment_status":"closed","ping_status":"closed","sticky":false,"template":"","format":"standard","meta":{"_jetpack_memberships_contains_paid_content":false,"footnotes":""},"categories":[6,1],"tags":[],"class_list":["post-174694","post","type-post","status-publish","format-standard","has-post-thumbnail","hentry","category-nacionales","category-portada"],"jetpack_featured_media_url":"https:\/\/i0.wp.com\/cdnoticias.com\/wp-content\/uploads\/2025\/06\/LULACRISTINA-696x464-1.jpg?fit=696%2C464&ssl=1","jetpack_sharing_enabled":true,"_links":{"self":[{"href":"https:\/\/cdnoticias.com\/index.php\/wp-json\/wp\/v2\/posts\/174694","targetHints":{"allow":["GET"]}}],"collection":[{"href":"https:\/\/cdnoticias.com\/index.php\/wp-json\/wp\/v2\/posts"}],"about":[{"href":"https:\/\/cdnoticias.com\/index.php\/wp-json\/wp\/v2\/types\/post"}],"author":[{"embeddable":true,"href":"https:\/\/cdnoticias.com\/index.php\/wp-json\/wp\/v2\/users\/6"}],"replies":[{"embeddable":true,"href":"https:\/\/cdnoticias.com\/index.php\/wp-json\/wp\/v2\/comments?post=174694"}],"version-history":[{"count":0,"href":"https:\/\/cdnoticias.com\/index.php\/wp-json\/wp\/v2\/posts\/174694\/revisions"}],"wp:featuredmedia":[{"embeddable":true,"href":"https:\/\/cdnoticias.com\/index.php\/wp-json\/wp\/v2\/media\/174695"}],"wp:attachment":[{"href":"https:\/\/cdnoticias.com\/index.php\/wp-json\/wp\/v2\/media?parent=174694"}],"wp:term":[{"taxonomy":"category","embeddable":true,"href":"https:\/\/cdnoticias.com\/index.php\/wp-json\/wp\/v2\/categories?post=174694"},{"taxonomy":"post_tag","embeddable":true,"href":"https:\/\/cdnoticias.com\/index.php\/wp-json\/wp\/v2\/tags?post=174694"}],"curies":[{"name":"wp","href":"https:\/\/api.w.org\/{rel}","templated":true}]}}