{"id":174687,"date":"2025-06-19T19:51:17","date_gmt":"2025-06-19T22:51:17","guid":{"rendered":"https:\/\/cdnoticias.com\/?p=174687"},"modified":"2025-06-19T20:04:52","modified_gmt":"2025-06-19T23:04:52","slug":"mayoristas-los-precios-cayeron-03-en-mayo-por-una-fuerte-baja-de-los-importados","status":"publish","type":"post","link":"https:\/\/cdnoticias.com\/index.php\/2025\/06\/19\/mayoristas-los-precios-cayeron-03-en-mayo-por-una-fuerte-baja-de-los-importados\/","title":{"rendered":"Mayoristas: los precios cayeron 0,3% en mayo por una fuerte baja de los importados"},"content":{"rendered":"\n<p>De acuerdo con el Indec, hubo una suba cercana a 0% en los precios de los productos nacionales y una ca\u00edda del 4,1% en los del exterior. <\/p>\n\n\n\n<hr class=\"wp-block-separator aligncenter has-alpha-channel-opacity\"\/>\n\n\n\n<p>Los<strong> precios mayoristas registraron en mayo una disminuci\u00f3n del 0,3%<\/strong> con relaci\u00f3n al mes anterior. Seg\u00fan inform\u00f3 el Instituto Nacional de Estad\u00edstica y Censos (Indec), la variaci\u00f3n se explica por una suba cercana a <strong>0% en los precios de los productos nacionales y una ca\u00edda del 4,1% en los importados.<\/strong><\/p>\n\n\n\n<p><\/p>\n\n\n\n<p>Se trata de la primera deflaci\u00f3n mensual desde 2020, en plena pandemia, cuando los valores cayeron 1,3%. Aunque si se excluye este dato, hay que retrotraerse a 2008, seg\u00fan precis\u00f3 Mar\u00eda Castiglioni, de C&amp;T Consultores, en di\u00e1logo con el portal \u00c1mbito. En el acumulado del a\u00f1o, el \u00cdndice de Precios Internos al por Mayor (IPIM) se ubic\u00f3 en el 7,4%, mientras que en el interanual se desaceler\u00f3 al 22,4%, m\u00ednimo desde 2017.<\/p>\n\n\n\n<p><\/p>\n\n\n\n<p>De acuerdo con el IPIM, entre las divisiones de <strong>mayor incidencia negativa<\/strong> se destacaron los <strong>productos refinados del petr\u00f3leo, los agropecuarios y los met\u00e1licos b\u00e1sicos, <\/strong>mientras que los <strong>alimentos y bebidas y los productos qu\u00edmicos mostraron un impacto positivo<\/strong>.<\/p>\n\n\n\n<p><\/p>\n\n\n\n<blockquote class=\"wp-block-quote is-layout-flow wp-block-quote-is-layout-flow\">\n<p>El \u00cdndice de Precios Internos B\u00e1sicos al por Mayor (IPIB), que excluye el efecto impositivo, tambi\u00e9n present\u00f3 una ca\u00edda mensual del 0,3%. En este caso, los productos nacionales no mostraron cambios significativos, mientras que los importados descendieron un 4,2%. La variaci\u00f3n interanual del IPIB fue del 20,8%, mientras que el acumulado en lo que va del a\u00f1o alcanz\u00f3 el 7,5%.<\/p>\n<\/blockquote>\n\n\n\n<p><\/p>\n\n\n\n<p>Por su parte, el \u00cdndice de Precios B\u00e1sicos del Productor (IPP) tuvo una baja mensual del 0,2%, impulsada principalmente por la ca\u00edda del 0,7% en los productos primarios. <strong>Los productos manufacturados y la energ\u00eda el\u00e9ctrica no mostraron variaciones significativas. <\/strong>En t\u00e9rminos interanuales, el IPP creci\u00f3 un 22,2%, con un aumento acumulado del 7,7% en los primeros cinco meses del a\u00f1o.<\/p>\n\n\n\n<p><\/p>\n\n\n\n<p>En la comparaci\u00f3n interanual, todos los \u00edndices mostraron subas significativas. <strong>El IPIM tuvo un incremento del 22,4%, impulsado por aumentos del 28,7% en productos agropecuarios, 63,7% en energ\u00eda el\u00e9ctrica y 32,5% en alimentos y bebidas<\/strong>. En el caso del IPIB y el IPP, los principales aumentos tambi\u00e9n se observaron en esas divisiones, con alzas superiores al 20% en productos manufacturados y al 40% en transporte e impresiones.<\/p>\n\n\n\n<p><\/p>\n\n\n\n<p>Por \u00faltimo, en lo que va del a\u00f1o, el IPIM acumul\u00f3 una suba del 7,4%, el IPIB del 7,5% y el IPP del 7,7%. En ese mismo per\u00edodo, <strong>los productos manufacturados y la energ\u00eda el\u00e9ctrica lideraron las subas,<\/strong> con variaciones cercanas al 8%, mientras que los productos importados mostraron los menores incrementos, con una variaci\u00f3n acumulada del 3,9%.<\/p>\n\n\n\n<p><\/p>\n\n\n\n<p><em>Fuente: DIB<\/em><\/p>\n","protected":false},"excerpt":{"rendered":"<p>De acuerdo con el Indec, hubo una suba cercana a 0% en los precios de los productos nacionales y una<\/p>\n","protected":false},"author":6,"featured_media":127207,"comment_status":"closed","ping_status":"closed","sticky":false,"template":"","format":"standard","meta":{"_jetpack_memberships_contains_paid_content":false,"footnotes":""},"categories":[6,1],"tags":[],"class_list":["post-174687","post","type-post","status-publish","format-standard","has-post-thumbnail","hentry","category-nacionales","category-portada"],"jetpack_featured_media_url":"https:\/\/i0.wp.com\/cdnoticias.com\/wp-content\/uploads\/2024\/10\/mayoristas-imagen.jpg?fit=900%2C530&ssl=1","jetpack_sharing_enabled":true,"_links":{"self":[{"href":"https:\/\/cdnoticias.com\/index.php\/wp-json\/wp\/v2\/posts\/174687","targetHints":{"allow":["GET"]}}],"collection":[{"href":"https:\/\/cdnoticias.com\/index.php\/wp-json\/wp\/v2\/posts"}],"about":[{"href":"https:\/\/cdnoticias.com\/index.php\/wp-json\/wp\/v2\/types\/post"}],"author":[{"embeddable":true,"href":"https:\/\/cdnoticias.com\/index.php\/wp-json\/wp\/v2\/users\/6"}],"replies":[{"embeddable":true,"href":"https:\/\/cdnoticias.com\/index.php\/wp-json\/wp\/v2\/comments?post=174687"}],"version-history":[{"count":0,"href":"https:\/\/cdnoticias.com\/index.php\/wp-json\/wp\/v2\/posts\/174687\/revisions"}],"wp:featuredmedia":[{"embeddable":true,"href":"https:\/\/cdnoticias.com\/index.php\/wp-json\/wp\/v2\/media\/127207"}],"wp:attachment":[{"href":"https:\/\/cdnoticias.com\/index.php\/wp-json\/wp\/v2\/media?parent=174687"}],"wp:term":[{"taxonomy":"category","embeddable":true,"href":"https:\/\/cdnoticias.com\/index.php\/wp-json\/wp\/v2\/categories?post=174687"},{"taxonomy":"post_tag","embeddable":true,"href":"https:\/\/cdnoticias.com\/index.php\/wp-json\/wp\/v2\/tags?post=174687"}],"curies":[{"name":"wp","href":"https:\/\/api.w.org\/{rel}","templated":true}]}}