{"id":174676,"date":"2025-06-19T18:40:38","date_gmt":"2025-06-19T21:40:38","guid":{"rendered":"https:\/\/cdnoticias.com\/?p=174676"},"modified":"2025-06-19T18:40:40","modified_gmt":"2025-06-19T21:40:40","slug":"la-vela-puerca-celebro-sus-30-anos-y-lleno-de-magia-al-publico-olavarriense","status":"publish","type":"post","link":"https:\/\/cdnoticias.com\/index.php\/2025\/06\/19\/la-vela-puerca-celebro-sus-30-anos-y-lleno-de-magia-al-publico-olavarriense\/","title":{"rendered":"La Vela Puerca celebr\u00f3 sus 30 a\u00f1os y llen\u00f3 de magia al p\u00fablico olavarriense"},"content":{"rendered":"\n<p>Fue este mi\u00e9rcoles en Complejo Norte, ante un gran marco que fue a cantar, saltar y delirar con la banda uruguaya.<\/p>\n\n\n\n<hr class=\"wp-block-separator aligncenter has-alpha-channel-opacity\"\/>\n\n\n\n<p>Este s\u00e1bado <strong>la banda uruguaya La Vela Puerca lleg\u00f3 a Olavarr\u00eda <\/strong>y realiz\u00f3 un<strong> repaso por toda su carrera plagada de \u00e9xitos que se corearon de inicio a fin.\u00a0<\/strong><\/p>\n\n\n\n<p><\/p>\n\n\n\n<figure class=\"wp-block-image aligncenter size-full\"><img data-recalc-dims=\"1\" decoding=\"async\" src=\"https:\/\/i0.wp.com\/cdnoticias.com\/wp-content\/uploads\/2025\/06\/LaVelaPuercaOlavarria30.jpg?w=800&#038;ssl=1\" alt=\"\" class=\"wp-image-174648\"\/><\/figure>\n\n\n\n<p><\/p>\n\n\n\n<p>La banda, en un gran momento de su carrera, <strong>se mostr\u00f3 m\u00e1s que feliz de visitar nuestra ciudad <\/strong>y regal\u00f3 grandes momentos de una noche para muchos, inolvidable, en una <strong>muy buena producci\u00f3n de Morella.<\/strong><\/p>\n\n\n\n<p><\/p>\n\n\n\n<figure class=\"wp-block-image aligncenter size-full\"><img data-recalc-dims=\"1\" loading=\"lazy\" decoding=\"async\" width=\"800\" height=\"531\" src=\"https:\/\/i0.wp.com\/cdnoticias.com\/wp-content\/uploads\/2025\/06\/LaVelaPuercaOlavarria50.jpg?resize=800%2C531&#038;ssl=1\" alt=\"\" class=\"wp-image-174668\" srcset=\"https:\/\/i0.wp.com\/cdnoticias.com\/wp-content\/uploads\/2025\/06\/LaVelaPuercaOlavarria50.jpg?w=1024&amp;ssl=1 1024w, https:\/\/i0.wp.com\/cdnoticias.com\/wp-content\/uploads\/2025\/06\/LaVelaPuercaOlavarria50.jpg?resize=300%2C199&amp;ssl=1 300w, https:\/\/i0.wp.com\/cdnoticias.com\/wp-content\/uploads\/2025\/06\/LaVelaPuercaOlavarria50.jpg?resize=768%2C510&amp;ssl=1 768w, https:\/\/i0.wp.com\/cdnoticias.com\/wp-content\/uploads\/2025\/06\/LaVelaPuercaOlavarria50.jpg?resize=272%2C182&amp;ssl=1 272w\" sizes=\"auto, (max-width: 800px) 100vw, 800px\" \/><\/figure>\n\n\n\n<p><\/p>\n\n\n\n<blockquote class=\"wp-block-quote is-layout-flow wp-block-quote-is-layout-flow\">\n<p>La Vela Puerca se form\u00f3 en 1995 y est\u00e1 integrada por Sebasti\u00e1n Teysera, alias el Enano; Nicol\u00e1s Mandril Lieutier; Sebasti\u00e1n Cebolla Cebreiro; Jos\u00e9 Pepe Canedo; Rafael Di Bello; Santiago Butler; Carlos Coli Quijano; Alejandro Piccone y Diego M\u00e9ndez.<\/p>\n<\/blockquote>\n\n\n\n<p><\/p>\n\n\n\n<figure class=\"wp-block-image aligncenter size-full\"><img data-recalc-dims=\"1\" loading=\"lazy\" decoding=\"async\" width=\"800\" height=\"531\" src=\"https:\/\/i0.wp.com\/cdnoticias.com\/wp-content\/uploads\/2025\/06\/LaVelaPuercaOlavarria09.jpg?resize=800%2C531&#038;ssl=1\" alt=\"\" class=\"wp-image-174627\" srcset=\"https:\/\/i0.wp.com\/cdnoticias.com\/wp-content\/uploads\/2025\/06\/LaVelaPuercaOlavarria09.jpg?w=1024&amp;ssl=1 1024w, https:\/\/i0.wp.com\/cdnoticias.com\/wp-content\/uploads\/2025\/06\/LaVelaPuercaOlavarria09.jpg?resize=300%2C199&amp;ssl=1 300w, https:\/\/i0.wp.com\/cdnoticias.com\/wp-content\/uploads\/2025\/06\/LaVelaPuercaOlavarria09.jpg?resize=768%2C510&amp;ssl=1 768w, https:\/\/i0.wp.com\/cdnoticias.com\/wp-content\/uploads\/2025\/06\/LaVelaPuercaOlavarria09.jpg?resize=272%2C182&amp;ssl=1 272w\" sizes=\"auto, (max-width: 800px) 100vw, 800px\" \/><\/figure>\n\n\n\n<p><\/p>\n\n\n\n<p>El show arranc\u00f3 a pura energ\u00eda con <strong><em>\u201cEl viejo\u201d<\/em><\/strong> y recorrieron todos los discos llegando <strong>al cierre del concierto con <em>\u201cJos\u00e9 sab\u00eda<\/em>\u201d en formato ac\u00fastico.<\/strong><\/p>\n\n\n\n<p><\/p>\n\n\n\n<figure class=\"wp-block-image aligncenter size-full\"><img data-recalc-dims=\"1\" loading=\"lazy\" decoding=\"async\" width=\"800\" height=\"531\" src=\"https:\/\/i0.wp.com\/cdnoticias.com\/wp-content\/uploads\/2025\/06\/LaVelaPuercaOlavarria16.jpg?resize=800%2C531&#038;ssl=1\" alt=\"\" class=\"wp-image-174634\" srcset=\"https:\/\/i0.wp.com\/cdnoticias.com\/wp-content\/uploads\/2025\/06\/LaVelaPuercaOlavarria16.jpg?w=1024&amp;ssl=1 1024w, https:\/\/i0.wp.com\/cdnoticias.com\/wp-content\/uploads\/2025\/06\/LaVelaPuercaOlavarria16.jpg?resize=300%2C199&amp;ssl=1 300w, https:\/\/i0.wp.com\/cdnoticias.com\/wp-content\/uploads\/2025\/06\/LaVelaPuercaOlavarria16.jpg?resize=768%2C510&amp;ssl=1 768w, https:\/\/i0.wp.com\/cdnoticias.com\/wp-content\/uploads\/2025\/06\/LaVelaPuercaOlavarria16.jpg?resize=272%2C182&amp;ssl=1 272w\" sizes=\"auto, (max-width: 800px) 100vw, 800px\" \/><\/figure>\n\n\n\n<p><\/p>\n\n\n\n<blockquote class=\"wp-block-quote is-layout-flow wp-block-quote-is-layout-flow\">\n<p>Adem\u00e1s sonaron los cl\u00e1sicos \u201cEl profeta\u201d \u201cSobre la Sien\u201d \u201cBurbujas\u201d \u201cEscobas\u201d \u201cZafar\u201d \u201cPor la ciudad\u201d \u201cPara no verme m\u00e1s\u201d \u201cMi semilla\u201d \u201cVuelan palos\u201d y \u201cVa a escapar\u201d.<\/p>\n<\/blockquote>\n\n\n\n<p><\/p>\n\n\n\n<figure class=\"wp-block-image aligncenter size-full\"><img data-recalc-dims=\"1\" loading=\"lazy\" decoding=\"async\" width=\"800\" height=\"531\" src=\"https:\/\/i0.wp.com\/cdnoticias.com\/wp-content\/uploads\/2025\/06\/LaVelaPuercaOlavarria15.jpg?resize=800%2C531&#038;ssl=1\" alt=\"\" class=\"wp-image-174633\" srcset=\"https:\/\/i0.wp.com\/cdnoticias.com\/wp-content\/uploads\/2025\/06\/LaVelaPuercaOlavarria15.jpg?w=1024&amp;ssl=1 1024w, https:\/\/i0.wp.com\/cdnoticias.com\/wp-content\/uploads\/2025\/06\/LaVelaPuercaOlavarria15.jpg?resize=300%2C199&amp;ssl=1 300w, https:\/\/i0.wp.com\/cdnoticias.com\/wp-content\/uploads\/2025\/06\/LaVelaPuercaOlavarria15.jpg?resize=768%2C510&amp;ssl=1 768w, https:\/\/i0.wp.com\/cdnoticias.com\/wp-content\/uploads\/2025\/06\/LaVelaPuercaOlavarria15.jpg?resize=272%2C182&amp;ssl=1 272w\" sizes=\"auto, (max-width: 800px) 100vw, 800px\" \/><\/figure>\n\n\n\n<p><\/p>\n\n\n\n<p>El gran marco de p\u00fablico <strong>vivi\u00f3 una noche de recuerdos y nostalgia de las canciones de la banda que siempre nos acompa\u00f1an <\/strong>y volvieron a sus casas renovados y <strong>llenos de magia.\u00a0<\/strong><\/p>\n\n\n\n<p><\/p>\n\n\n\n<figure class=\"wp-block-image aligncenter size-full\"><img data-recalc-dims=\"1\" loading=\"lazy\" decoding=\"async\" width=\"800\" height=\"531\" src=\"https:\/\/i0.wp.com\/cdnoticias.com\/wp-content\/uploads\/2025\/06\/LaVelaPuercaOlavarria28.jpg?resize=800%2C531&#038;ssl=1\" alt=\"\" class=\"wp-image-174646\" srcset=\"https:\/\/i0.wp.com\/cdnoticias.com\/wp-content\/uploads\/2025\/06\/LaVelaPuercaOlavarria28.jpg?w=1024&amp;ssl=1 1024w, https:\/\/i0.wp.com\/cdnoticias.com\/wp-content\/uploads\/2025\/06\/LaVelaPuercaOlavarria28.jpg?resize=300%2C199&amp;ssl=1 300w, https:\/\/i0.wp.com\/cdnoticias.com\/wp-content\/uploads\/2025\/06\/LaVelaPuercaOlavarria28.jpg?resize=768%2C510&amp;ssl=1 768w, https:\/\/i0.wp.com\/cdnoticias.com\/wp-content\/uploads\/2025\/06\/LaVelaPuercaOlavarria28.jpg?resize=272%2C182&amp;ssl=1 272w\" sizes=\"auto, (max-width: 800px) 100vw, 800px\" \/><\/figure>\n\n\n\n<p><\/p>\n","protected":false},"excerpt":{"rendered":"<p>Fue este mi\u00e9rcoles en Complejo Norte, ante un gran marco que fue a cantar, saltar y delirar con la banda<\/p>\n","protected":false},"author":6,"featured_media":174655,"comment_status":"closed","ping_status":"closed","sticky":false,"template":"","format":"standard","meta":{"_jetpack_memberships_contains_paid_content":false,"footnotes":""},"categories":[9,1],"tags":[],"class_list":["post-174676","post","type-post","status-publish","format-standard","has-post-thumbnail","hentry","category-cultura","category-portada"],"jetpack_featured_media_url":"https:\/\/i0.wp.com\/cdnoticias.com\/wp-content\/uploads\/2025\/06\/LaVelaPuercaOlavarria37.jpg?fit=1024%2C680&ssl=1","jetpack_sharing_enabled":true,"_links":{"self":[{"href":"https:\/\/cdnoticias.com\/index.php\/wp-json\/wp\/v2\/posts\/174676","targetHints":{"allow":["GET"]}}],"collection":[{"href":"https:\/\/cdnoticias.com\/index.php\/wp-json\/wp\/v2\/posts"}],"about":[{"href":"https:\/\/cdnoticias.com\/index.php\/wp-json\/wp\/v2\/types\/post"}],"author":[{"embeddable":true,"href":"https:\/\/cdnoticias.com\/index.php\/wp-json\/wp\/v2\/users\/6"}],"replies":[{"embeddable":true,"href":"https:\/\/cdnoticias.com\/index.php\/wp-json\/wp\/v2\/comments?post=174676"}],"version-history":[{"count":0,"href":"https:\/\/cdnoticias.com\/index.php\/wp-json\/wp\/v2\/posts\/174676\/revisions"}],"wp:featuredmedia":[{"embeddable":true,"href":"https:\/\/cdnoticias.com\/index.php\/wp-json\/wp\/v2\/media\/174655"}],"wp:attachment":[{"href":"https:\/\/cdnoticias.com\/index.php\/wp-json\/wp\/v2\/media?parent=174676"}],"wp:term":[{"taxonomy":"category","embeddable":true,"href":"https:\/\/cdnoticias.com\/index.php\/wp-json\/wp\/v2\/categories?post=174676"},{"taxonomy":"post_tag","embeddable":true,"href":"https:\/\/cdnoticias.com\/index.php\/wp-json\/wp\/v2\/tags?post=174676"}],"curies":[{"name":"wp","href":"https:\/\/api.w.org\/{rel}","templated":true}]}}