{"id":174617,"date":"2025-06-19T19:37:38","date_gmt":"2025-06-19T22:37:38","guid":{"rendered":"https:\/\/cdnoticias.com\/?p=174617"},"modified":"2025-06-19T19:37:40","modified_gmt":"2025-06-19T22:37:40","slug":"cortes-de-transito-por-el-acto-del-dia-de-la-bandera","status":"publish","type":"post","link":"https:\/\/cdnoticias.com\/index.php\/2025\/06\/19\/cortes-de-transito-por-el-acto-del-dia-de-la-bandera\/","title":{"rendered":"Cortes de tr\u00e1nsito por el acto del D\u00eda de la Bandera\u00a0"},"content":{"rendered":"\n<p>El operativo de este viernes consiste en garantizar la circulaci\u00f3n segura y el ingreso ordenado de los veh\u00edculos que accedan al Regimiento y que trasladan a todos los que participan de la jura de la bandera.<\/p>\n\n\n\n<hr class=\"wp-block-separator aligncenter has-alpha-channel-opacity\"\/>\n\n\n\n<p>Este viernes desde las<strong> 9:30 hasta las 12:30 horas <\/strong>aproximadamente se realizar\u00e1 un <strong>operativo de tr\u00e1nsito en avenida Emiliozzi,<\/strong> a la altura del ingreso al predio del <strong>Regimiento de Caballer\u00eda de Tanques 2 \u201cLanceros General Paz\u201d.<\/strong><\/p>\n\n\n\n<p><\/p>\n\n\n\n<blockquote class=\"wp-block-quote is-layout-flow wp-block-quote-is-layout-flow\">\n<p>El operativo consiste en garantizar la circulaci\u00f3n segura y el ingreso ordenado de los veh\u00edculos que accedan al Regimiento y que trasladan a todos los que participan de la jura de la bandera.<\/p>\n<\/blockquote>\n\n\n\n<p><\/p>\n\n\n\n<p>En este sentido, m\u00f3viles y personal de Tr\u00e1nsito<strong> trabajar\u00e1n de manera preventiva en ambos sentidos de circulaci\u00f3n<\/strong> y del<strong> carril lateral a la avenida Emiliozzi <\/strong>para permitir el giro e ingreso al predio del Regimiento.<\/p>\n\n\n\n<p><\/p>\n","protected":false},"excerpt":{"rendered":"<p>El operativo de este viernes consiste en garantizar la circulaci\u00f3n segura y el ingreso ordenado de los veh\u00edculos que accedan<\/p>\n","protected":false},"author":6,"featured_media":57384,"comment_status":"closed","ping_status":"closed","sticky":false,"template":"","format":"standard","meta":{"_jetpack_memberships_contains_paid_content":false,"footnotes":""},"categories":[5,1],"tags":[],"class_list":["post-174617","post","type-post","status-publish","format-standard","has-post-thumbnail","hentry","category-informacion-general","category-portada"],"jetpack_featured_media_url":"https:\/\/i0.wp.com\/cdnoticias.com\/wp-content\/uploads\/2022\/06\/Acto-Dia-de-la-Bandera-1024x683-1.jpg?fit=1024%2C683&ssl=1","jetpack_sharing_enabled":true,"_links":{"self":[{"href":"https:\/\/cdnoticias.com\/index.php\/wp-json\/wp\/v2\/posts\/174617","targetHints":{"allow":["GET"]}}],"collection":[{"href":"https:\/\/cdnoticias.com\/index.php\/wp-json\/wp\/v2\/posts"}],"about":[{"href":"https:\/\/cdnoticias.com\/index.php\/wp-json\/wp\/v2\/types\/post"}],"author":[{"embeddable":true,"href":"https:\/\/cdnoticias.com\/index.php\/wp-json\/wp\/v2\/users\/6"}],"replies":[{"embeddable":true,"href":"https:\/\/cdnoticias.com\/index.php\/wp-json\/wp\/v2\/comments?post=174617"}],"version-history":[{"count":0,"href":"https:\/\/cdnoticias.com\/index.php\/wp-json\/wp\/v2\/posts\/174617\/revisions"}],"wp:featuredmedia":[{"embeddable":true,"href":"https:\/\/cdnoticias.com\/index.php\/wp-json\/wp\/v2\/media\/57384"}],"wp:attachment":[{"href":"https:\/\/cdnoticias.com\/index.php\/wp-json\/wp\/v2\/media?parent=174617"}],"wp:term":[{"taxonomy":"category","embeddable":true,"href":"https:\/\/cdnoticias.com\/index.php\/wp-json\/wp\/v2\/categories?post=174617"},{"taxonomy":"post_tag","embeddable":true,"href":"https:\/\/cdnoticias.com\/index.php\/wp-json\/wp\/v2\/tags?post=174617"}],"curies":[{"name":"wp","href":"https:\/\/api.w.org\/{rel}","templated":true}]}}