{"id":174611,"date":"2025-06-19T18:01:12","date_gmt":"2025-06-19T21:01:12","guid":{"rendered":"https:\/\/cdnoticias.com\/?p=174611"},"modified":"2025-06-23T07:51:54","modified_gmt":"2025-06-23T10:51:54","slug":"se-invertiran-mas-de-250-000-en-mantenimiento-de-calles-en-las-localidades","status":"publish","type":"post","link":"https:\/\/cdnoticias.com\/index.php\/2025\/06\/19\/se-invertiran-mas-de-250-000-en-mantenimiento-de-calles-en-las-localidades\/","title":{"rendered":"Se invertir\u00e1n m\u00e1s de $250 millones en mantenimiento de calles en las localidades\u00a0"},"content":{"rendered":"\n<p>La licitaci\u00f3n se abrir\u00e1 el d\u00eda 10 de julio, en el Palacio San Mart\u00edn. Estas obras tienen por finalidad mejorar el estado de las calles y la evacuaci\u00f3n superficial del agua. <\/p>\n\n\n\n<hr class=\"wp-block-separator aligncenter has-alpha-channel-opacity\"\/>\n\n\n\n<p>El Municipio de Olavarr\u00eda, a trav\u00e9s de la Secretar\u00eda de Obras, Infraestructura y Servicio P\u00fablicos,<strong> licita el mantenimiento de calles en localidades <\/strong>del Partido de Olavarr\u00eda.<\/p>\n\n\n\n<p><\/p>\n\n\n\n<blockquote class=\"wp-block-quote is-layout-flow wp-block-quote-is-layout-flow\">\n<p>La licitaci\u00f3n se abrir\u00e1 el d\u00eda 10 de julio, en el Palacio San Mart\u00edn, y la inversi\u00f3n que destinar\u00e1 la gesti\u00f3n del intendente Maximiliano Wesner asciende a las suma de $256.000.000.<\/p>\n<\/blockquote>\n\n\n\n<p><\/p>\n\n\n\n<p>Estas obras tienen por finalidad <strong>mejorar el estado de las calles y la evacuaci\u00f3n superficial del agua <\/strong>y principalmente &#8220;responden a un compromiso de la gesti\u00f3n municipal de brindar respuestas a las problem\u00e1ticas planteadas por vecinos de diferentes sectores de Olavarr\u00eda&#8221; se\u00f1alaron. <\/p>\n\n\n\n<p><\/p>\n\n\n\n<p>El mantenimiento comprende puntualmente<strong> las localidades de Sierra Chica, Sierras Bayas, Hinojo, Colonia Hinojo y Loma Negra.<\/strong>El pliego de bases y condiciones se podr\u00e1 consultar en la direcci\u00f3n de licitaciones o en la <a href=\"http:\/\/www.olavarria.gov.ar\" target=\"_blank\" rel=\"noreferrer noopener\">p\u00e1gina web del municipio. <\/a><\/p>\n\n\n\n<p><\/p>\n","protected":false},"excerpt":{"rendered":"<p>La licitaci\u00f3n se abrir\u00e1 el d\u00eda 10 de julio, en el Palacio San Mart\u00edn. Estas obras tienen por finalidad mejorar<\/p>\n","protected":false},"author":6,"featured_media":174616,"comment_status":"closed","ping_status":"closed","sticky":false,"template":"","format":"standard","meta":{"_jetpack_memberships_contains_paid_content":false,"footnotes":""},"categories":[5,1],"tags":[],"class_list":["post-174611","post","type-post","status-publish","format-standard","has-post-thumbnail","hentry","category-informacion-general","category-portada"],"jetpack_featured_media_url":"https:\/\/i0.wp.com\/cdnoticias.com\/wp-content\/uploads\/2025\/06\/mantenimientocalles.jpg?fit=900%2C599&ssl=1","jetpack_sharing_enabled":true,"_links":{"self":[{"href":"https:\/\/cdnoticias.com\/index.php\/wp-json\/wp\/v2\/posts\/174611","targetHints":{"allow":["GET"]}}],"collection":[{"href":"https:\/\/cdnoticias.com\/index.php\/wp-json\/wp\/v2\/posts"}],"about":[{"href":"https:\/\/cdnoticias.com\/index.php\/wp-json\/wp\/v2\/types\/post"}],"author":[{"embeddable":true,"href":"https:\/\/cdnoticias.com\/index.php\/wp-json\/wp\/v2\/users\/6"}],"replies":[{"embeddable":true,"href":"https:\/\/cdnoticias.com\/index.php\/wp-json\/wp\/v2\/comments?post=174611"}],"version-history":[{"count":0,"href":"https:\/\/cdnoticias.com\/index.php\/wp-json\/wp\/v2\/posts\/174611\/revisions"}],"wp:featuredmedia":[{"embeddable":true,"href":"https:\/\/cdnoticias.com\/index.php\/wp-json\/wp\/v2\/media\/174616"}],"wp:attachment":[{"href":"https:\/\/cdnoticias.com\/index.php\/wp-json\/wp\/v2\/media?parent=174611"}],"wp:term":[{"taxonomy":"category","embeddable":true,"href":"https:\/\/cdnoticias.com\/index.php\/wp-json\/wp\/v2\/categories?post=174611"},{"taxonomy":"post_tag","embeddable":true,"href":"https:\/\/cdnoticias.com\/index.php\/wp-json\/wp\/v2\/tags?post=174611"}],"curies":[{"name":"wp","href":"https:\/\/api.w.org\/{rel}","templated":true}]}}