{"id":174604,"date":"2025-06-19T17:01:11","date_gmt":"2025-06-19T20:01:11","guid":{"rendered":"https:\/\/cdnoticias.com\/?p=174604"},"modified":"2025-06-19T17:01:13","modified_gmt":"2025-06-19T20:01:13","slug":"docente-de-facso-ofrecio-una-conferencia-en-la-universidad-federal-de-rio-grande-del-sur","status":"publish","type":"post","link":"https:\/\/cdnoticias.com\/index.php\/2025\/06\/19\/docente-de-facso-ofrecio-una-conferencia-en-la-universidad-federal-de-rio-grande-del-sur\/","title":{"rendered":"Docente de FACSO ofreci\u00f3 una conferencia en la Universidad Federal de R\u00edo Grande del Sur"},"content":{"rendered":"\n<p>El coordinador del Programa de Educaci\u00f3n en Contextos de Encierro (PECE) de FACSO, Luis Scipioni, particip\u00f3 del Seminario Especial sobre Educaci\u00f3n, Literatura y Arte en Prisiones en la UFRGS de Puerto Alegre, Brasil.<\/p>\n\n\n\n<hr class=\"wp-block-separator aligncenter has-alpha-channel-opacity\"\/>\n\n\n\n<p>En el marco de la<strong> beca de Maestr\u00eda-Sandwich <\/strong>otorgada por parte del Ministerio de Educaci\u00f3n (MEC), Fundaci\u00f3n Coordinaci\u00f3n de Perfeccionamiento de Personas de Nivel Superior (CAPES), del Programa de Postgrado en Educaci\u00f3n de la Universidad Federal de R\u00edo Grande del Sur (UFRGS), POA,<strong> el docente Luis Scipioni fue invitado a participar como conferencista en el Seminario Especial sobre Educaci\u00f3n, Literatura y Arte en Prisiones.<\/strong><\/p>\n\n\n\n<p><\/p>\n\n\n\n<p>Participaron adem\u00e1s Vicente Conc\u00edlio (Universidade do Estado de Santa Catarina &#8211; UDESC), Flavio Dutra (Programa de P\u00f3s-Gradua\u00e7\u00e3o em Artes Visuais &#8211; UFRGS) y Ashley Lucas (Universidad de Michigan &#8211; EEUU), organizado por la Dra. Ana Cl\u00e1udia Godinho (Programa de P\u00f3s-Gradua\u00e7\u00e3o em Educa\u00e7\u00e3o \u2013 UFRGS), quien coordina el proyecto de extensi\u00f3n en contextos de privaci\u00f3n de libertad Palavramundo.<\/p>\n\n\n\n<p><\/p>\n\n\n\n<figure class=\"wp-block-image aligncenter size-full\"><img data-recalc-dims=\"1\" loading=\"lazy\" decoding=\"async\" width=\"800\" height=\"575\" src=\"https:\/\/i0.wp.com\/cdnoticias.com\/wp-content\/uploads\/2025\/06\/Scipioni-brasil1.png?resize=800%2C575&#038;ssl=1\" alt=\"\" class=\"wp-image-174605\" srcset=\"https:\/\/i0.wp.com\/cdnoticias.com\/wp-content\/uploads\/2025\/06\/Scipioni-brasil1.png?w=825&amp;ssl=1 825w, https:\/\/i0.wp.com\/cdnoticias.com\/wp-content\/uploads\/2025\/06\/Scipioni-brasil1.png?resize=300%2C216&amp;ssl=1 300w, https:\/\/i0.wp.com\/cdnoticias.com\/wp-content\/uploads\/2025\/06\/Scipioni-brasil1.png?resize=768%2C552&amp;ssl=1 768w\" sizes=\"auto, (max-width: 800px) 100vw, 800px\" \/><\/figure>\n\n\n\n<p><\/p>\n\n\n\n<p>La tem\u00e1tica que organiz\u00f3 los encuentros gir\u00f3 en torno al \u201c<strong>Estudio de proyectos y programas de educaci\u00f3n formal y no formal en prisiones, a partir de las experiencias de Argentina, Estados Unidos y Brasil<\/strong>\u201d. <\/p>\n\n\n\n<p><\/p>\n\n\n\n<blockquote class=\"wp-block-quote is-layout-flow wp-block-quote-is-layout-flow\">\n<p>Las jornadas del seminario problematizaron sobre los conceptos de educaci\u00f3n, conocimiento y efectos de la prisi\u00f3n que subyacen a las experiencias educativas estudiadas, de manera espec\u00edfica en los enfoques y particularidades de la educaci\u00f3n en prisiones de Argentina, Estados Unidos y Brasil. El seminario se extendi\u00f3 del 27 de mayo al 11 de junio.<\/p>\n<\/blockquote>\n\n\n\n<p><\/p>\n\n\n\n<p>La participaci\u00f3n del coordinador del PECE estuvo asociada a<strong> contextualizar al Programa de la Facultad de Ciencias Sociales <\/strong>en las <strong>experiencias universitarias argentinas en contextos de privaci\u00f3n de libertad.<\/strong> <\/p>\n\n\n\n<p><\/p>\n\n\n\n<blockquote class=\"wp-block-quote is-layout-flow wp-block-quote-is-layout-flow\">\n<p>Enfatiz\u00f3, en este marco, en las particularidades del trabajo en c\u00e1rceles de la Provincia de Buenos Aires y en la referencia a los puntos centrales que organizan los m\u00e1s de 15 a\u00f1os del Programa de Educaci\u00f3n en Contextos de Encierro en las aulas universitarias de las unidades penitenciarias de Sierra Chica y Azul.<\/p>\n<\/blockquote>\n\n\n\n<p><\/p>\n\n\n\n<p>La invitaci\u00f3n del Prof. Scipioni a participar del Seminario Especial sobre Educaci\u00f3n, Literatura y Arte en Prisiones se da en el marco de su<strong> estancia de investigaci\u00f3n como becario<\/strong> del Programa Move La Am\u00e9rica (CAPES) y que tiene como proyecto la identificaci\u00f3n de facilitadores y obstaculizadores en la implementaci\u00f3n de pol\u00edticas y programas socioeducativos para personas en conflicto con la ley.<\/p>\n\n\n\n<p><\/p>\n","protected":false},"excerpt":{"rendered":"<p>El coordinador del Programa de Educaci\u00f3n en Contextos de Encierro (PECE) de FACSO, Luis Scipioni, particip\u00f3 del Seminario Especial sobre<\/p>\n","protected":false},"author":6,"featured_media":174606,"comment_status":"closed","ping_status":"closed","sticky":false,"template":"","format":"standard","meta":{"_jetpack_memberships_contains_paid_content":false,"footnotes":""},"categories":[5,1],"tags":[],"class_list":["post-174604","post","type-post","status-publish","format-standard","has-post-thumbnail","hentry","category-informacion-general","category-portada"],"jetpack_featured_media_url":"https:\/\/i0.wp.com\/cdnoticias.com\/wp-content\/uploads\/2025\/06\/Scipioni-brasil.png?fit=900%2C601&ssl=1","jetpack_sharing_enabled":true,"_links":{"self":[{"href":"https:\/\/cdnoticias.com\/index.php\/wp-json\/wp\/v2\/posts\/174604","targetHints":{"allow":["GET"]}}],"collection":[{"href":"https:\/\/cdnoticias.com\/index.php\/wp-json\/wp\/v2\/posts"}],"about":[{"href":"https:\/\/cdnoticias.com\/index.php\/wp-json\/wp\/v2\/types\/post"}],"author":[{"embeddable":true,"href":"https:\/\/cdnoticias.com\/index.php\/wp-json\/wp\/v2\/users\/6"}],"replies":[{"embeddable":true,"href":"https:\/\/cdnoticias.com\/index.php\/wp-json\/wp\/v2\/comments?post=174604"}],"version-history":[{"count":0,"href":"https:\/\/cdnoticias.com\/index.php\/wp-json\/wp\/v2\/posts\/174604\/revisions"}],"wp:featuredmedia":[{"embeddable":true,"href":"https:\/\/cdnoticias.com\/index.php\/wp-json\/wp\/v2\/media\/174606"}],"wp:attachment":[{"href":"https:\/\/cdnoticias.com\/index.php\/wp-json\/wp\/v2\/media?parent=174604"}],"wp:term":[{"taxonomy":"category","embeddable":true,"href":"https:\/\/cdnoticias.com\/index.php\/wp-json\/wp\/v2\/categories?post=174604"},{"taxonomy":"post_tag","embeddable":true,"href":"https:\/\/cdnoticias.com\/index.php\/wp-json\/wp\/v2\/tags?post=174604"}],"curies":[{"name":"wp","href":"https:\/\/api.w.org\/{rel}","templated":true}]}}