{"id":174590,"date":"2025-06-19T13:24:33","date_gmt":"2025-06-19T16:24:33","guid":{"rendered":"https:\/\/cdnoticias.com\/?p=174590"},"modified":"2025-06-19T18:01:27","modified_gmt":"2025-06-19T21:01:27","slug":"azul-murieron-dos-personas-en-el-incendio-de-una-vivienda","status":"publish","type":"post","link":"https:\/\/cdnoticias.com\/index.php\/2025\/06\/19\/azul-murieron-dos-personas-en-el-incendio-de-una-vivienda\/","title":{"rendered":"Azul: murieron dos personas en el incendio de una vivienda"},"content":{"rendered":"<p>Ocurri\u00f3 en la ma\u00f1ana del jueves en una vivienda de calle Belgrano. La Justicia investiga las causas.<!--more--><\/p>\n<hr \/>\n<p>Una <strong>tragedia<\/strong> sacudi\u00f3 a la <strong>ciudad de Azul<\/strong> en la ma\u00f1ana de este jueves 19 de junio.<\/p>\n<blockquote><p>Un incendio declarado en una vivienda ubicada en Belgrano 768 termin\u00f3 con la vida de dos personas. Las v\u00edctimas fueron identificadas como Liliana Cortina y Domingo Ciappina, quienes resid\u00edan en el lugar.<\/p><\/blockquote>\n<p>El siniestro <strong>se produjo alrededor de las 6 horas<\/strong> y moviliz\u00f3 r\u00e1pidamente a efectivos de la Polic\u00eda y a varias dotaciones del cuerpo de Bomberos de Azul, que acudieron al lugar tras un llamado al sistema de emergencias 911.<\/p>\n<p>Al ingresar a la propiedad, <strong>los bomberos encontraron a ambos ocupantes ya sin vida<\/strong>. Las circunstancias en las que se inici\u00f3 el incendio a\u00fan se encuentran bajo investigaci\u00f3n. Por este motivo, se hicieron presentes en la vivienda <strong>peritos especializados y personal de la Polic\u00eda Cient\u00edfica<\/strong>, que trabaja en el lugar para <strong>determinar el origen del fuego<\/strong>.<\/p>\n<p>Interviene en la causa el<strong> fiscal Adri\u00e1n Peiretti<\/strong>, titular de la <strong>UFI N\u00b013 del Departamento Judicial Azul<\/strong>, quien dispuso la instrucci\u00f3n de actuaciones bajo la car\u00e1tula <strong>&#8220;Averiguaci\u00f3n de causales de muerte&#8221;<\/strong>. Las diligencias fueron derivadas a la <strong>Comisar\u00eda Primera de Azul<\/strong>.<\/p>\n<p>Las autoridades indicaron que en las pr\u00f3ximas horas se podr\u00eda contar con m\u00e1s informaci\u00f3n, a partir de los informes periciales y testimoniales que se est\u00e1n recolectando.<\/p>\n<p>Fuente y foto: <em>diario El Tiempo<\/em><\/p>\n","protected":false},"excerpt":{"rendered":"<p>Ocurri\u00f3 en la ma\u00f1ana del jueves en una vivienda de calle Belgrano. La Justicia investiga las causas.<\/p>\n","protected":false},"author":4,"featured_media":174592,"comment_status":"closed","ping_status":"closed","sticky":false,"template":"","format":"standard","meta":{"_jetpack_memberships_contains_paid_content":false,"footnotes":""},"categories":[14,1],"tags":[],"class_list":["post-174590","post","type-post","status-publish","format-standard","has-post-thumbnail","hentry","category-policiales","category-portada"],"jetpack_featured_media_url":"https:\/\/i0.wp.com\/cdnoticias.com\/wp-content\/uploads\/2025\/06\/diario-el-tiempo-incendio-azul-belgrano-768.jpg?fit=950%2C528&ssl=1","jetpack_sharing_enabled":true,"_links":{"self":[{"href":"https:\/\/cdnoticias.com\/index.php\/wp-json\/wp\/v2\/posts\/174590","targetHints":{"allow":["GET"]}}],"collection":[{"href":"https:\/\/cdnoticias.com\/index.php\/wp-json\/wp\/v2\/posts"}],"about":[{"href":"https:\/\/cdnoticias.com\/index.php\/wp-json\/wp\/v2\/types\/post"}],"author":[{"embeddable":true,"href":"https:\/\/cdnoticias.com\/index.php\/wp-json\/wp\/v2\/users\/4"}],"replies":[{"embeddable":true,"href":"https:\/\/cdnoticias.com\/index.php\/wp-json\/wp\/v2\/comments?post=174590"}],"version-history":[{"count":0,"href":"https:\/\/cdnoticias.com\/index.php\/wp-json\/wp\/v2\/posts\/174590\/revisions"}],"wp:featuredmedia":[{"embeddable":true,"href":"https:\/\/cdnoticias.com\/index.php\/wp-json\/wp\/v2\/media\/174592"}],"wp:attachment":[{"href":"https:\/\/cdnoticias.com\/index.php\/wp-json\/wp\/v2\/media?parent=174590"}],"wp:term":[{"taxonomy":"category","embeddable":true,"href":"https:\/\/cdnoticias.com\/index.php\/wp-json\/wp\/v2\/categories?post=174590"},{"taxonomy":"post_tag","embeddable":true,"href":"https:\/\/cdnoticias.com\/index.php\/wp-json\/wp\/v2\/tags?post=174590"}],"curies":[{"name":"wp","href":"https:\/\/api.w.org\/{rel}","templated":true}]}}