{"id":174588,"date":"2025-06-19T12:20:21","date_gmt":"2025-06-19T15:20:21","guid":{"rendered":"https:\/\/cdnoticias.com\/?p=174588"},"modified":"2025-06-19T17:30:40","modified_gmt":"2025-06-19T20:30:40","slug":"actividades-para-disfrutar-el-finde-largo-en-olavarria","status":"publish","type":"post","link":"https:\/\/cdnoticias.com\/index.php\/2025\/06\/19\/actividades-para-disfrutar-el-finde-largo-en-olavarria\/","title":{"rendered":"Actividades para disfrutar el finde largo en Olavarr\u00eda"},"content":{"rendered":"\n<p>La agenda incluye propuestas en espacios culturales de la ciudad y las localidades.<\/p>\n\n\n\n<hr class=\"wp-block-separator has-alpha-channel-opacity\"\/>\n\n\n\n<p>Desde el Municipio de Olavarr\u00eda se invit\u00f3 a disfrutar de las diferentes <strong>propuestas pensadas para disfrutar de los espacios culturales de la ciudad y localidades.<\/strong><\/p>\n\n\n\n<p><\/p>\n\n\n\n<p>A continuaci\u00f3n, se detallan las actividades del cronograma que comprenden<strong> salidas tur\u00edsticas, caminatas guiadas, cicloturismo, juegos, talleres infantiles, conciertos, presentaciones teatrales y actividades protocolares alusivas al 205\u00ba Aniversario del Paso a la Inmortalidad del General Manuel Belgrano.<\/strong><\/p>\n\n\n\n<p><\/p>\n\n\n\n<p><strong>Viernes 20 de junio<\/strong><\/p>\n\n\n\n<p><\/p>\n\n\n\n<p><strong>11:00 horas \u2013 Plaza de Armas del Regimiento de Caballer\u00eda Tanques 2 \u201cLancero General Paz\u201d\u2013 Acto por el D\u00eda de Bandera<\/strong><\/p>\n\n\n\n<p>El Municipio de Olavarr\u00eda invita a participar del acto en conmemoraci\u00f3n del 205\u00ba Aniversario del Paso a la Inmortalidad del General Manuel Belgrano, que se llevar\u00e1 cabo el viernes 20 de junio, a partir de 11 horas, en la Plaza de Armas del Regimiento de Caballer\u00eda Tanques 2 \u201cLancero General Paz\u201d.<\/p>\n\n\n\n<p>En la oportunidad, como es tradicional, estudiantes de cuarto a\u00f1o de distintos establecimientos educativos del Partido de Olavarr\u00eda realizar\u00e1n su Promesa de Lealtad a la Bandera, como s\u00edmbolo de pertenencia y uni\u00f3n del pueblo argentino.<\/p>\n\n\n\n<p>En este sentido, desde la Jefatura de Educaci\u00f3n se llev\u00f3 adelante la inscripci\u00f3n para los distintos niveles y modalidades educativas que quieran participar de la ceremonia.<\/p>\n\n\n\n<p>En el marco del acto, adem\u00e1s se les tomar\u00e1 juramento a los soldados ingresantes ante la bandera de guerra, como sucede habitualmente cada 20 de junio.<\/p>\n\n\n\n<p>El programa finalizar\u00e1 con las palabras del intendente Municipal Maximiliano Wesner.<\/p>\n\n\n\n<p>Cabe resaltar que el acto es organizado por el Municipio de Olavarr\u00eda, Jefatura de Educaci\u00f3n, Guarnici\u00f3n Ej\u00e9rcito Olavarr\u00eda y la Asociaci\u00f3n Cultural Belgraniana.<\/p>\n\n\n\n<p><\/p>\n\n\n\n<p><strong>14:30 horas \u2013 Punto de partida: Monumento a San Mart\u00edn \u2013 Caminata patrimonial en conmemoraci\u00f3n a Belgrano<\/strong><\/p>\n\n\n\n<p>Desde la Direcci\u00f3n de Patrimonio Cultural, junto a la Coordinaci\u00f3n de Turismo, se invita a participar de una nueva propuesta enmarcada en el Mes Belgraniano y el programa de \u201cCaminatas Patrimoniales\u201d, que ofrecen recorridos tur\u00edstico \u2013 culturales por diferentes espacios del partido de Olavarr\u00eda.<\/p>\n\n\n\n<p>En esta oportunidad se trata de una jornada de paseo-caminata guiada, partiendo desde el Parque Mitre, para finalizar con una jornada especial en el Museo Municipal D\u00e1maso Arce.<\/p>\n\n\n\n<p>En el transcurso del recorrido se visitar\u00e1 la Plaza Manuel Belgrano, donde se contar\u00e1 con una disertaci\u00f3n especial a cargo de Rito Germ\u00e1n L\u00f3pez, presidente de la Asociaci\u00f3n Cultural Belgraniana de Olavarr\u00eda.<\/p>\n\n\n\n<p>La actividad ser\u00e1 el pr\u00f3ximo viernes 20 de junio, a partir de las 14:30 hs, con punto de partida desde el Monumento a San Mart\u00edn (Brown y V\u00e9lez Sarsfield), ubicado en Plaza Aguado.<\/p>\n\n\n\n<p>El recorrido tendr\u00e1 una duraci\u00f3n de 2 horas, el nivel de dificultad es bajo teniendo en cuenta que es una salida familiar, donde se visitar\u00e1n distintos puntos de inter\u00e9s tur\u00edsticos.<\/p>\n\n\n\n<p>Dicha propuesta tiene cupo para 30 personas. Aquellas personas interesadas en participar, podr\u00e1n inscribirse de manera on line, a trav\u00e9s del <a href=\"https:\/\/docs.google.com\/forms\/d\/e\/1FAIpQLScRjsBDrqsUvGBFpvcaATdWSvvlyvn8HHN08aFelotGcziVtQ\/viewform\" data-type=\"link\" data-id=\"https:\/\/docs.google.com\/forms\/d\/e\/1FAIpQLScRjsBDrqsUvGBFpvcaATdWSvvlyvn8HHN08aFelotGcziVtQ\/viewform\">siguiente formulario. <\/a>Se aclara que es una propuesta totalmente gratuita.<\/p>\n\n\n\n<p><\/p>\n\n\n\n<p><strong>19 horas \u2013 Museo \u201cD\u00e1maso Arce\u201d \u2013 Charla \u201cBelgrano, el bravo Manuel, una mente brillante\u201d<\/strong><\/p>\n\n\n\n<p>En el marco del Mes Belgraniano este viernes 20 de junio a las 19 horas, oportunidad en la que se abordar\u00e1 el tema: \u201cBelgrano, el bravo Manuel, una mente brillante\u201d, a cargo del disertante: Lic. Mariano Alejandro Las Heras.<\/p>\n\n\n\n<p>Al finalizar la charla, que no requiere de inscripci\u00f3n previa, la artista Alma Martinengo ejecutar\u00e1 piezas musicales pertenecientes al per\u00edodo barroco en guitarra cl\u00e1sica, y en el hall del museo habr\u00e1 actividades para los m\u00e1s peque\u00f1os (sector infantil). Asimismo, se puede recorrer en sala 2, las obras de los dibujantes expositores y ganadores del 1er Sal\u00f3n Provincial de Artistas \u201cAlberto Salinas\u201d.<\/p>\n\n\n\n<p><\/p>\n\n\n\n<figure class=\"wp-block-embed is-type-wp-embed is-provider-central-de-noticias-olavarr-a wp-block-embed-central-de-noticias-olavarr-a\"><div class=\"wp-block-embed__wrapper\">\n<blockquote class=\"wp-embedded-content\" data-secret=\"3sXBz3CgyZ\"><a href=\"https:\/\/cdnoticias.com\/index.php\/2025\/06\/19\/continuan-las-charlas-por-el-mes-belgraniano-en-el-museo-damaso-arce\/\">Contin\u00faan las charlas por el mes belgraniano en el Museo D\u00e1maso Arce<\/a><\/blockquote><iframe loading=\"lazy\" class=\"wp-embedded-content\" sandbox=\"allow-scripts\" security=\"restricted\" style=\"position: absolute; visibility: hidden;\" title=\"&#8220;Contin\u00faan las charlas por el mes belgraniano en el Museo D\u00e1maso Arce&#8221; &#8212; Central de Noticias | Olavarr\u00eda\" src=\"https:\/\/cdnoticias.com\/index.php\/2025\/06\/19\/continuan-las-charlas-por-el-mes-belgraniano-en-el-museo-damaso-arce\/embed\/#?secret=kDkY4B75AG#?secret=3sXBz3CgyZ\" data-secret=\"3sXBz3CgyZ\" width=\"600\" height=\"338\" frameborder=\"0\" marginwidth=\"0\" marginheight=\"0\" scrolling=\"no\"><\/iframe>\n<\/div><\/figure>\n\n\n\n<p><\/p>\n\n\n\n<p><strong>S\u00e1bado 21 de junio<\/strong><\/p>\n\n\n\n<p><\/p>\n\n\n\n<p><strong>9 a 13 horas \u2013 Parque Mitre (Necochea y Brown) \u2013 Mercados Bonaerenses<\/strong><\/p>\n\n\n\n<p>\u201cMercados Bonaerenses\u201d se llevar\u00e1 a cabo el pr\u00f3ximo s\u00e1bado 21 de junio, de 09:00 a 13:00 horas, en Parque Mitre, Necochea y Brown. Contar\u00e1 con la participaci\u00f3n de productores locales, entre los cuales se podr\u00e1n encontrar elaboraciones como: panificados dulces y salados, bebidas, quesos, plantas y plantines, miel, verduras y productos sin TACC, alfajores artesanales. En esta oportunidad no se dispondr\u00e1n los camiones de pastas, l\u00e1cteos y pescados.<\/p>\n\n\n\n<p><\/p>\n\n\n\n<p><strong>13:30 horas \u2013 Salida desde el Bioparque \u201cLa M\u00e1xima\u201d \u2013 Andando Olavarr\u00eda<\/strong><\/p>\n\n\n\n<p>La propuesta se llevar\u00e1 a cabo el pr\u00f3ximo s\u00e1bado 21 de junio desde las 13:30 horas, con punto de partida en el Polo Educativo y Recreativo \u201cLa M\u00e1xima\u201d (Av. Pellegrini 4200).<\/p>\n\n\n\n<p>\u201cAndando Olavarr\u00eda\u201d incluye salidas grupales y gratuitas en bicicleta, organizadas desde la Direcci\u00f3n de Deporte Social, con el objetivo de promover la incorporaci\u00f3n de h\u00e1bitos saludables en toda la comunidad y, a la par, poner en valor y disfrutar de los paisajes y propuestas con las que cuenta nuestro Partido.<\/p>\n\n\n\n<p>Aquellas personas interesadas en participar deber\u00e1n inscribirse previamente completando el <a href=\"https:\/\/docs.google.com\/forms\/d\/1aXZRC3DhL3DffyoJGEQw6-YQAF3ZHH2L5_z0YWS-fPs\/viewform?ts=6851649c&amp;edit_requested=true&amp;fbclid=PAQ0xDSwK-eC5leHRuA2FlbQIxMQABp-Rpv_6in88E_azn1CipNkDDVS0ZJ15Tq6FFLa4lanNLbbmQx_zXbafn1he8_aem_jlKyLzvvlJZ2tTEE9mZp1w\" data-type=\"link\" data-id=\"https:\/\/docs.google.com\/forms\/d\/1aXZRC3DhL3DffyoJGEQw6-YQAF3ZHH2L5_z0YWS-fPs\/viewform?ts=6851649c&amp;edit_requested=true&amp;fbclid=PAQ0xDSwK-eC5leHRuA2FlbQIxMQABp-Rpv_6in88E_azn1CipNkDDVS0ZJ15Tq6FFLa4lanNLbbmQx_zXbafn1he8_aem_jlKyLzvvlJZ2tTEE9mZp1w\">formulario online <\/a>al cual se accede haciendo click aqu\u00ed.<\/p>\n\n\n\n<p>Menores de 18 a\u00f1os, deber\u00e1n concurrir acompa\u00f1adas por una persona mayor, la cual deber\u00e1 ser anotada tambi\u00e9n al momento de realizar la inscripci\u00f3n. Elementos obligatorios: bicicleta en condiciones, casco, elementos m\u00ednimos de reparaci\u00f3n, agua o hidrataci\u00f3n, repelente, protector solar y ropa c\u00f3moda.<\/p>\n\n\n\n<p><\/p>\n\n\n\n<p><strong>14 a 17 horas \u2013 La Casona \u201cDr. Carlos Romero\u201d del Bioparque \u201cLa M\u00e1xima\u201d \u2013 Juegos Educativos (Memotest y Domin\u00f3s de animales)<\/strong><\/p>\n\n\n\n<p>Este s\u00e1bado 21 de junio, de 14 a 17 horas, habr\u00e1 juegos educativos en La Casona \u201cDr. Carlos Romero\u201d del Bioparque \u201cLa M\u00e1xima\u201d que consistir\u00e1n en memotests y domin\u00f3s de animales, ideales para todas las edades, para aprender jugando mientras descubrimos las especies m\u00e1s fascinantes de nuestro bioparque y de nuestras ecorregiones.<\/p>\n\n\n\n<p><\/p>\n\n\n\n<p><strong>14 horas \u2013 Punto de encuentro: Museo Hogar Loma Negra \u2013 Aventura con historia<\/strong><\/p>\n\n\n\n<p>Este s\u00e1bado 21 de junio se realizar\u00e1 una nueva edici\u00f3n de la propuesta \u201cAventura con Historia\u201d que busca poner en valor la riqueza tur\u00edstica, ecol\u00f3gica e hist\u00f3rica con la que cuenta el Partido de Olavarr\u00eda.<\/p>\n\n\n\n<p>En esta oportunidad el destino ser\u00e1 Loma Negra para conocer m\u00e1s sobre la historia de la localidad y sus puntos m\u00e1s atractivos. La caminata partir\u00e1 desde el Museo Hogar Municipal de Loma Negra, a las 14 horas con un recorrido de alrededor de 4 kil\u00f3metros.<\/p>\n\n\n\n<p>El circuito fue pensado como un punto en com\u00fan entre la historia de los inmigrantes y su legado y la aventura de esta localidad serrana, llegando hasta el Cerro Fortabat con una actividad para recibir al invierno.<\/p>\n\n\n\n<p>El punto de concentraci\u00f3n ser\u00e1 en el Museo Hogar Loma Negra (calle Sarmiento y Luciano Fortabat), luego continuar\u00e1 por la Parroquia \u201cSanta Elena\u201d, se realizar\u00e1 un recorrido por las calles de la Villa Obrera, Club Loma Negra y finalizar\u00e1 en el Cerro Fortabat.<\/p>\n\n\n\n<p>Aquellas personas interesadas en participar de una nueva salida de \u201cAventura con historia\u201d se podr\u00e1n inscribir a trav\u00e9s del <a href=\"https:\/\/docs.google.com\/forms\/d\/e\/1FAIpQLScpAD5ElHkEVrozv6Q7SV93KxriJhatiM4gZa8r8zkJLoZwxQ\/viewform\" data-type=\"link\" data-id=\"https:\/\/docs.google.com\/forms\/d\/e\/1FAIpQLScpAD5ElHkEVrozv6Q7SV93KxriJhatiM4gZa8r8zkJLoZwxQ\/viewform\">siguiente link.<\/a><\/p>\n\n\n\n<p><\/p>\n\n\n\n<figure class=\"wp-block-embed is-type-wp-embed is-provider-central-de-noticias-olavarr-a wp-block-embed-central-de-noticias-olavarr-a\"><div class=\"wp-block-embed__wrapper\">\n<blockquote class=\"wp-embedded-content\" data-secret=\"difi3vCd34\"><a href=\"https:\/\/cdnoticias.com\/index.php\/2025\/06\/18\/aventura-con-historia-llega-el-finde-largo-a-loma-negra\/\">\u201cAventura con historia \u201c llega el finde largo a Loma Negra\u00a0<\/a><\/blockquote><iframe loading=\"lazy\" class=\"wp-embedded-content\" sandbox=\"allow-scripts\" security=\"restricted\" style=\"position: absolute; visibility: hidden;\" title=\"&#8220;\u201cAventura con historia \u201c llega el finde largo a Loma Negra\u00a0&#8221; &#8212; Central de Noticias | Olavarr\u00eda\" src=\"https:\/\/cdnoticias.com\/index.php\/2025\/06\/18\/aventura-con-historia-llega-el-finde-largo-a-loma-negra\/embed\/#?secret=tOd493dX6s#?secret=difi3vCd34\" data-secret=\"difi3vCd34\" width=\"600\" height=\"338\" frameborder=\"0\" marginwidth=\"0\" marginheight=\"0\" scrolling=\"no\"><\/iframe>\n<\/div><\/figure>\n\n\n\n<p><\/p>\n\n\n\n<p><strong>15 a 17 horas \u2013 Centro Cultural \u201cDora Rodr\u00edguez\u201d de Hinojo \u2013 Taller de armado de mu\u00f1ecos<\/strong><\/p>\n\n\n\n<p>A trav\u00e9s del trabajo conjunto con las delegaciones municipales, comunidad educativa de cada localidad, instituciones (bibliotecas, sociedades de fomento) y Museos Municipales de los Pueblos, del 23 al 28 de junio se estar\u00e1n desarrollando las fogatas de San Juan, San Pedro y San Pablo.<\/p>\n\n\n\n<p>En el marco de esta celebraci\u00f3n se llevan a cabo talleres de construcci\u00f3n de mu\u00f1ecos, con materiales reciclables en todos los museos de los pueblos, que luego son quemados en las fogatas como parte del ritual.<\/p>\n\n\n\n<p>Este s\u00e1bado 21 de junio se realizar\u00e1 un nuevo encuentro en \u2013 Centro Cultural \u201cDora Rodr\u00edguez\u201d de Hinojo, de 15 a 17 horas. Por consultas: Correo electr\u00f3nico museohinojo@gmail.com\/ Celular: 2284717763<\/p>\n\n\n\n<p><\/p>\n\n\n\n<p><strong>15:30 horas \u2013 Centro Cultural \u201cSan Jos\u00e9\u201d \u2013 \u201cDibujando\u201d Taller Infantil de Dibujo<\/strong><\/p>\n\n\n\n<p>El Municipio de Olavarr\u00eda, a trav\u00e9s de la Subsecretar\u00eda de Cultura y Educaci\u00f3n, invita a participar del taller infantil \u201cDibujando en familia\u201d a cargo del ilustrador Diego Sequeira.<\/p>\n\n\n\n<p>El mismo se estar\u00e1 realizando el pr\u00f3ximo s\u00e1bado 21 de junio, con inicio a las 15:30 horas, en la sala 5 del Centro Cultural San Jos\u00e9, ubicado en Riobamba 2949. La propuesta es libre y gratuita.<\/p>\n\n\n\n<p><\/p>\n\n\n\n<figure class=\"wp-block-embed is-type-wp-embed is-provider-central-de-noticias-olavarr-a wp-block-embed-central-de-noticias-olavarr-a\"><div class=\"wp-block-embed__wrapper\">\n<blockquote class=\"wp-embedded-content\" data-secret=\"e0dNl0oNH0\"><a href=\"https:\/\/cdnoticias.com\/index.php\/2025\/06\/19\/taller-dibujando-en-familia-en-el-centro-cultural-san-jose\/\">Taller \u201cDibujando en familia\u201d en el Centro Cultural San Jos\u00e9<\/a><\/blockquote><iframe loading=\"lazy\" class=\"wp-embedded-content\" sandbox=\"allow-scripts\" security=\"restricted\" style=\"position: absolute; visibility: hidden;\" title=\"&#8220;Taller \u201cDibujando en familia\u201d en el Centro Cultural San Jos\u00e9&#8221; &#8212; Central de Noticias | Olavarr\u00eda\" src=\"https:\/\/cdnoticias.com\/index.php\/2025\/06\/19\/taller-dibujando-en-familia-en-el-centro-cultural-san-jose\/embed\/#?secret=LN9EX0H4Rx#?secret=e0dNl0oNH0\" data-secret=\"e0dNl0oNH0\" width=\"600\" height=\"338\" frameborder=\"0\" marginwidth=\"0\" marginheight=\"0\" scrolling=\"no\"><\/iframe>\n<\/div><\/figure>\n\n\n\n<p><\/p>\n\n\n\n<p><strong>21:00 horas \u2013 Teatro Municipal \u2013 Fede Cyrulnik Stand Up- Evolushon<\/strong><\/p>\n\n\n\n<p>Fede Cyrulnik, es uno de los influencers con mayor llegada, tanto en Argentina como en el resto de Latinoam\u00e9rica, con m\u00e1s de 3.800.000 de seguidores en sus redes sociales.<\/p>\n\n\n\n<p>Sus videos parodiando los signos zodiacales traspasan fronteras, escalando e interesando en gran parte del mundo hispanoparlante, preferentemente en el p\u00fablico femenino, y le han dado notoriedad p\u00fablica en muchos pa\u00edses de habla hispana.<\/p>\n\n\n\n<p>Ha presentado 5 espect\u00e1culos unipersonales con gran \u00e9xito en: Argentina, Chile y Uruguay, convocando a m\u00e1s de 50.000 espectadores. Pr\u00f3ximamente iniciar\u00e1 gira por M\u00e9xico, Colombia, Paraguay, Uruguay, Ecuador y Espa\u00f1a.<\/p>\n\n\n\n<p>Entradas (numeradas en plateas): $ 29700 platea baja- $ 27500 platea alta Venta en Tecnocentro (Rivadavia 3065) en efectivo. Venta en el Teatro Municipal (Rivadavia 2780) con tarjetas de cr\u00e9dito, d\u00e9bito y billeteras virtuales. Venta on line <a href=\"https:\/\/articket.com.ar\/\" data-type=\"link\" data-id=\"https:\/\/articket.com.ar\/\">www.articket.com.ar <\/a>con cr\u00e9dito y d\u00e9bito.<\/p>\n\n\n\n<p><\/p>\n\n\n\n<p><strong>Domingo 22 de junio<\/strong><\/p>\n\n\n\n<p><\/p>\n\n\n\n<p><strong>16 horas \u2013 Museo Hogar Loma Negra \u2013 \u201cCuentos del m\u00e1s ac\u00e1\u201d<\/strong><\/p>\n\n\n\n<p>\u201cCuentos del m\u00e1s ac\u00e1\u201d presenta una prosa po\u00e9tica cautivadora que nos lleva a los mundos de su ficci\u00f3n con personajes sobrenaturales y conmovedores, que tienen como ambiente: los mitos, el infinito, el azar, la naturaleza, el tiempo, mundos paralelos, magia y naves espaciales, entre otros.<\/p>\n\n\n\n<p>Este libro, de la escritora azule\u00f1a Norma Peralta, se presentar\u00e1 este domingo 22 de junio, a las 16 horas, en el Museo Hogar Municipal Loma Negra. La propuesta, con entrada libre y gratuita, es organizada conjuntamente con la Casa de la Cultura y Turismo VAF de Loma Negra.<\/p>\n\n\n\n<p>Norma Peralta, naci\u00f3 en 1945 en Chillar, Azul, provincia de Buenos Aires. Es Profesora en Letras y Licenciada en Servicio Social. Desempe\u00f1a la profesi\u00f3n en diferentes instituciones y efect\u00faa trabajos referidos a la tem\u00e1tica social, en publicaciones espec\u00edficas. Publica sus trabajos en diarios, revistas locales y nacionales. Participa en Antolog\u00edas de SADE filial Azul y destacadas editoriales nacionales.<\/p>\n\n\n\n<p><\/p>\n\n\n\n<p><strong>17 horas \u2013 Teatro Municipal \u2013 Peque\u00f1o Pez<\/strong><\/p>\n\n\n\n<p>Peque\u00f1o Pez es una banda musical que viene conquistando corazones en todo el mundo y se ha convertido en la nueva revelaci\u00f3n de las infancias. Durante los \u00faltimos meses sus canciones y juegos han alcanzado m\u00e1s de 50 millones de reproducciones en Youtube y Spotify.<\/p>\n\n\n\n<p>Durante 2024 Peque\u00f1o Pez realizar\u00e1 una gran gira por Argentina y varios pa\u00edses de Iberoam\u00e9rica con su show, un espect\u00e1culo musical, con t\u00edteres, teatro y danza.<\/p>\n\n\n\n<p>Entradas (numeradas en plateas): $ 38500 platea baja- $ 36600 platea alta- $ 38500 Sillas de palcos- $ 33000 Pullman. Venta en Tecnocentro (Rivadavia 3065) en efectivo. Venta en el Teatro Municipal (Rivadavia 2780) con tarjetas de cr\u00e9dito, d\u00e9bito y billeteras virtuales. Venta on line<a href=\"https:\/\/articket.com.ar\/\" data-type=\"link\" data-id=\"https:\/\/articket.com.ar\/\"> www.articket.com.ar<\/a> con cr\u00e9dito y d\u00e9bito.<\/p>\n\n\n\n<p><\/p>\n\n\n\n<p><strong>19 horas \u2013 Centro Cultural \u201cSan Jos\u00e9\u201d \u2013 Concierto del Quinteto Municipal \u201cVientos de Olavarr\u00eda\u201d<\/strong><\/p>\n\n\n\n<p>El Municipio de Olavarr\u00eda, a trav\u00e9s de la Subsecretar\u00eda de Cultura y Educaci\u00f3n, invita a participar de la pr\u00f3xima presentaci\u00f3n del Quinteto Municipal \u201cVientos de Olavarr\u00eda\u201d que se llevar\u00e1 cabo domingo 22 de junio, a las 19 horas, en el Centro Cultural Municipal \u201cSan Jos\u00e9\u201d, con entrada libre y gratuita.<\/p>\n\n\n\n<p>En este nuevo concierto se interpretar\u00e1n obras de Ferenc Farkas, Anatol Liadov y Anton Reicha. \u201cVientos de Olavarr\u00eda\u201d se encuentra integrado por Claudia Cort\u00e9s en flauta, Carlos Orlando en oboe, Mario Romano en clarinete, Cristian Fabris en corno y Julieta Di Fede en fagot.<\/p>\n","protected":false},"excerpt":{"rendered":"<p>La agenda incluye propuestas en espacios culturales de la ciudad y las localidades. Desde el Municipio de Olavarr\u00eda se invit\u00f3<\/p>\n","protected":false},"author":5,"featured_media":172887,"comment_status":"closed","ping_status":"closed","sticky":false,"template":"","format":"standard","meta":{"_jetpack_memberships_contains_paid_content":false,"footnotes":""},"categories":[9,1],"tags":[],"class_list":["post-174588","post","type-post","status-publish","format-standard","has-post-thumbnail","hentry","category-cultura","category-portada"],"jetpack_featured_media_url":"https:\/\/i0.wp.com\/cdnoticias.com\/wp-content\/uploads\/2025\/06\/polo-educativo-la-maxima-inauguracion7.jpg?fit=900%2C598&ssl=1","jetpack_sharing_enabled":true,"_links":{"self":[{"href":"https:\/\/cdnoticias.com\/index.php\/wp-json\/wp\/v2\/posts\/174588","targetHints":{"allow":["GET"]}}],"collection":[{"href":"https:\/\/cdnoticias.com\/index.php\/wp-json\/wp\/v2\/posts"}],"about":[{"href":"https:\/\/cdnoticias.com\/index.php\/wp-json\/wp\/v2\/types\/post"}],"author":[{"embeddable":true,"href":"https:\/\/cdnoticias.com\/index.php\/wp-json\/wp\/v2\/users\/5"}],"replies":[{"embeddable":true,"href":"https:\/\/cdnoticias.com\/index.php\/wp-json\/wp\/v2\/comments?post=174588"}],"version-history":[{"count":0,"href":"https:\/\/cdnoticias.com\/index.php\/wp-json\/wp\/v2\/posts\/174588\/revisions"}],"wp:featuredmedia":[{"embeddable":true,"href":"https:\/\/cdnoticias.com\/index.php\/wp-json\/wp\/v2\/media\/172887"}],"wp:attachment":[{"href":"https:\/\/cdnoticias.com\/index.php\/wp-json\/wp\/v2\/media?parent=174588"}],"wp:term":[{"taxonomy":"category","embeddable":true,"href":"https:\/\/cdnoticias.com\/index.php\/wp-json\/wp\/v2\/categories?post=174588"},{"taxonomy":"post_tag","embeddable":true,"href":"https:\/\/cdnoticias.com\/index.php\/wp-json\/wp\/v2\/tags?post=174588"}],"curies":[{"name":"wp","href":"https:\/\/api.w.org\/{rel}","templated":true}]}}