{"id":174577,"date":"2025-06-19T09:42:01","date_gmt":"2025-06-19T12:42:01","guid":{"rendered":"https:\/\/cdnoticias.com\/?p=174577"},"modified":"2025-06-19T09:42:03","modified_gmt":"2025-06-19T12:42:03","slug":"se-desarrollo-la-charla-reconociendo-derechos-genero-y-trabajo","status":"publish","type":"post","link":"https:\/\/cdnoticias.com\/index.php\/2025\/06\/19\/se-desarrollo-la-charla-reconociendo-derechos-genero-y-trabajo\/","title":{"rendered":"Se desarroll\u00f3 la charla \u201cReconociendo derechos: g\u00e9nero y trabajo\u201d"},"content":{"rendered":"<p>Estuvo a cargo de la docente y abogada Vanesa Ostapiuk quien hizo eje en la igualdad de g\u00e9nero. Expuso sobre aspectos legales, estad\u00edstica y brecha salarial. Advirti\u00f3 sobre los discursos de odio y violencia.<!--more--><\/p>\n<hr \/>\n<p>En el marco del<strong> A\u00f1o Internacional de las Cooperativas<\/strong>, se realiz\u00f3 la charla<strong> \u201cReconociendo derechos: G\u00e9nero y trabajo\u201d<\/strong> organizada por la <em>Comisi\u00f3n de Asociados de la filial local del Banco Credicoop y Coopelectric.<\/em><\/p>\n<p>Fue dictada por la <strong>docente de la UTN y abogada especializada en cooperativas y perspectivas de g\u00e9nero Vanesa Ostapiuk<\/strong>, con la finalidad de <strong>sensibilizar sobre la igualdad de g\u00e9nero y los derechos adquiridos<\/strong>, visibilizar los desaf\u00edos laborales y sociales que afrontan las mujeres, fomentar la reflexi\u00f3n y el debate; y al mismo tiempo pensar y promover acciones que permitan transformar la realidad.<\/p>\n<p>Sobre el <strong>patriarcado<\/strong> explic\u00f3 que \u201cse relaciona con una organizaci\u00f3n pol\u00edtica, social, econ\u00f3mica y cultural que se basa en la dominaci\u00f3n del hombre sobre la mujer. Ello implica la dominaci\u00f3n masculina, roles de g\u00e9nero, desigualdad manifiesta y violencia de g\u00e9nero. Esto identifica a una <strong>sociedad basada en desigualdades<\/strong>\u201d.<\/p>\n<p>\u201cLas <strong>pr\u00e1cticas est\u00e1n tan naturalizadas<\/strong> que muchas veces no se cuestionan y contin\u00faan reproduci\u00e9ndose y con ellas, la desigualdad. Por eso nuestro objetivo consiste en <strong>identificar y visibilizar los estereotipos<\/strong>, para poder modificar y transformar la realidad\u201d expres\u00f3.<\/p>\n<p><img data-recalc-dims=\"1\" loading=\"lazy\" decoding=\"async\" class=\"alignnone size-full wp-image-174578 aligncenter\" src=\"https:\/\/i0.wp.com\/cdnoticias.com\/wp-content\/uploads\/2025\/06\/01-Charla-Vanesa-Ostapiuk.jpeg?resize=800%2C445&#038;ssl=1\" alt=\"\" width=\"800\" height=\"445\" srcset=\"https:\/\/i0.wp.com\/cdnoticias.com\/wp-content\/uploads\/2025\/06\/01-Charla-Vanesa-Ostapiuk.jpeg?w=1000&amp;ssl=1 1000w, https:\/\/i0.wp.com\/cdnoticias.com\/wp-content\/uploads\/2025\/06\/01-Charla-Vanesa-Ostapiuk.jpeg?resize=300%2C167&amp;ssl=1 300w, https:\/\/i0.wp.com\/cdnoticias.com\/wp-content\/uploads\/2025\/06\/01-Charla-Vanesa-Ostapiuk.jpeg?resize=768%2C427&amp;ssl=1 768w, https:\/\/i0.wp.com\/cdnoticias.com\/wp-content\/uploads\/2025\/06\/01-Charla-Vanesa-Ostapiuk.jpeg?resize=800%2C445&amp;ssl=1 800w\" sizes=\"auto, (max-width: 800px) 100vw, 800px\" \/><\/p>\n<p>\u201cLos <strong>estereotipos de g\u00e9nero<\/strong> son ideas preconcebidas y generalizadas sobre las caracter\u00edsticas, roles y comportamientos que se asocian a mujeres y hombres. Ideas que hoy siguen presentes, son simplificadoras de la realidad porque<strong> limitan oportunidades y el desarrollo de las personas<\/strong> acrecentando a\u00fan m\u00e1s las desigualdades de g\u00e9nero\u201d.<\/p>\n<p>Una manera de<strong> cambiar esos paradigmas<\/strong> \u201ces por medio de estas charlas debate para concientizar, reflexionar y visibilizar todo lo que se ha logrado y lo que falta hacer\u201d sostuvo.<\/p>\n<p>Con la mirada puesta en la <strong>necesidad de reivindicar y defender los derechos adquiridos<\/strong> e instar a la lucha constante por la igualdad de g\u00e9nero, en un <strong>contexto mundial en que los derechos de muchas mujeres siguen siendo vulnerados<\/strong>, la disertante comparti\u00f3 una cita de Simone de Beauvoir: \u201cNo olvid\u00e9is jam\u00e1s que bastar\u00e1 una crisis pol\u00edtica, econ\u00f3mica o religiosa para que los derechos de las mujeres vuelvan a ser cuestionados. Esos derechos nunca se dan por adquiridos\u201d<\/p>\n<blockquote><p>Vanesa Ostapiuk realiz\u00f3 un recorrido por los derechos adquiridos desde el a\u00f1o 1926 hasta la actualidad, proyect\u00f3 datos estad\u00edsticos vinculados a diferentes tipos de trabajos y la composici\u00f3n de los mismos respecto de hombres y mujeres; a la brecha salarial que existe frente al desarrollo de una misma tarea que en promedio refleja un 28,1 % de diferencia entre hombres y mujeres, abord\u00f3 cuestiones discursivas se\u00f1alando gran preocupaci\u00f3n ante la circulaci\u00f3n de discursos de odio y violencia, entre otros temas de actualidad.<\/p><\/blockquote>\n<p>Su exposici\u00f3n tambi\u00e9n se nutri\u00f3 de la opini\u00f3n de los presentes, generando una<strong> di\u00e1logo inclusivo y ameno<\/strong> que contribuy\u00f3 a la reflexi\u00f3n colectiva.<\/p>\n","protected":false},"excerpt":{"rendered":"<p>Estuvo a cargo de la docente y abogada Vanesa Ostapiuk quien hizo eje en la igualdad de g\u00e9nero. Expuso sobre<\/p>\n","protected":false},"author":4,"featured_media":174579,"comment_status":"closed","ping_status":"closed","sticky":false,"template":"","format":"standard","meta":{"_jetpack_memberships_contains_paid_content":false,"footnotes":""},"categories":[5,1],"tags":[],"class_list":["post-174577","post","type-post","status-publish","format-standard","has-post-thumbnail","hentry","category-informacion-general","category-portada"],"jetpack_featured_media_url":"https:\/\/i0.wp.com\/cdnoticias.com\/wp-content\/uploads\/2025\/06\/02-Charla-Vanesa-Ostapiuk.jpeg?fit=1000%2C556&ssl=1","jetpack_sharing_enabled":true,"_links":{"self":[{"href":"https:\/\/cdnoticias.com\/index.php\/wp-json\/wp\/v2\/posts\/174577","targetHints":{"allow":["GET"]}}],"collection":[{"href":"https:\/\/cdnoticias.com\/index.php\/wp-json\/wp\/v2\/posts"}],"about":[{"href":"https:\/\/cdnoticias.com\/index.php\/wp-json\/wp\/v2\/types\/post"}],"author":[{"embeddable":true,"href":"https:\/\/cdnoticias.com\/index.php\/wp-json\/wp\/v2\/users\/4"}],"replies":[{"embeddable":true,"href":"https:\/\/cdnoticias.com\/index.php\/wp-json\/wp\/v2\/comments?post=174577"}],"version-history":[{"count":0,"href":"https:\/\/cdnoticias.com\/index.php\/wp-json\/wp\/v2\/posts\/174577\/revisions"}],"wp:featuredmedia":[{"embeddable":true,"href":"https:\/\/cdnoticias.com\/index.php\/wp-json\/wp\/v2\/media\/174579"}],"wp:attachment":[{"href":"https:\/\/cdnoticias.com\/index.php\/wp-json\/wp\/v2\/media?parent=174577"}],"wp:term":[{"taxonomy":"category","embeddable":true,"href":"https:\/\/cdnoticias.com\/index.php\/wp-json\/wp\/v2\/categories?post=174577"},{"taxonomy":"post_tag","embeddable":true,"href":"https:\/\/cdnoticias.com\/index.php\/wp-json\/wp\/v2\/tags?post=174577"}],"curies":[{"name":"wp","href":"https:\/\/api.w.org\/{rel}","templated":true}]}}