{"id":17455,"date":"2021-03-29T17:33:01","date_gmt":"2021-03-29T20:33:01","guid":{"rendered":"http:\/\/www.centraldenoticias.com.ar\/?p=17455"},"modified":"2021-03-29T20:34:07","modified_gmt":"2021-03-29T23:34:07","slug":"la-foto-del-hospital-bajo-el-porcentaje-de-ocupacion-de-camas-y-se-mantienen-los-casos","status":"publish","type":"post","link":"https:\/\/cdnoticias.com\/index.php\/2021\/03\/29\/la-foto-del-hospital-bajo-el-porcentaje-de-ocupacion-de-camas-y-se-mantienen-los-casos\/","title":{"rendered":"La foto del Hospital: baj\u00f3 el porcentaje de ocupaci\u00f3n de camas y se mantienen los casos"},"content":{"rendered":"<p>Si bien se descomprimi\u00f3 la compleja situaci\u00f3n del centro de salud, los casos COVID internados son pr\u00e1cticamente los mismos, sin modificaciones.\u00a0<!--more--><\/p>\n<hr \/>\n<p>A la compleja situaci\u00f3n de la segunda ola se le sum\u00f3, en los \u00faltimos d\u00edas, <strong>las complicaciones de la \u201cnueva normalidad\u201d y la importante suba de casos de COVID.<\/strong> Tras d\u00edas de porcentajes altos en materia de <strong>ocupaci\u00f3n de camas en el Hospital, hubo una peque\u00f1a liberaci\u00f3n de camas pero manteniendo los niveles de internados por el virus.<\/strong><\/p>\n<p>&nbsp;<\/p>\n<p><strong>El pasado s\u00e1bado, el Hospital contaba con un 80% de ocupaci\u00f3n de camas de Terapia Intensiva<\/strong>, con 6 internados por COVID. <strong>La foto de este lunes mostr\u00f3 una importante baja en la ocupaci\u00f3n (que lleg\u00f3 al 65%) pero hay un paciente m\u00e1s internado por COVID, es decir, pas\u00f3 de 6 a 7.<\/strong><\/p>\n<p>&nbsp;<\/p>\n<p>La situaci\u00f3n es similar en Cl\u00ednica General o <strong>\u201cCl\u00ednica COVID\u201d: el s\u00e1bado mostr\u00f3 un alarmante porcentaje de ocupaci\u00f3n (92%) que tuvo una baja durante este lunes (que lleg\u00f3 al 80%) pero las camas COVID se mantuvieron: de 16 internados el s\u00e1bado pasaron a 15 este lunes.<\/strong><\/p>\n<p>&nbsp;<\/p>\n<blockquote><p>Adem\u00e1s, cabe se\u00f1alar que una persona internada en maternidad fue dada de alta y hay un internado en Pediatr\u00eda que mantiene dicha condici\u00f3n.<\/p><\/blockquote>\n<p>&nbsp;<\/p>\n<p>En estos sectores,<strong> los porcentajes de ocupaci\u00f3n son de 32% y 14% respectivamente, y pr\u00e1cticamente la totalidad de camas son por patolog\u00edas no COVID.<\/strong><\/p>\n","protected":false},"excerpt":{"rendered":"<p>Si bien se descomprimi\u00f3 la compleja situaci\u00f3n del centro de salud, los casos COVID internados son pr\u00e1cticamente los mismos, sin<\/p>\n","protected":false},"author":2,"featured_media":619,"comment_status":"closed","ping_status":"closed","sticky":false,"template":"","format":"standard","meta":{"_jetpack_memberships_contains_paid_content":false,"footnotes":""},"categories":[5],"tags":[],"class_list":["post-17455","post","type-post","status-publish","format-standard","has-post-thumbnail","hentry","category-informacion-general"],"jetpack_featured_media_url":"https:\/\/i0.wp.com\/cdnoticias.com\/wp-content\/uploads\/2020\/09\/HospitalMunicipal2.jpg?fit=4608%2C3072&ssl=1","jetpack_sharing_enabled":true,"_links":{"self":[{"href":"https:\/\/cdnoticias.com\/index.php\/wp-json\/wp\/v2\/posts\/17455","targetHints":{"allow":["GET"]}}],"collection":[{"href":"https:\/\/cdnoticias.com\/index.php\/wp-json\/wp\/v2\/posts"}],"about":[{"href":"https:\/\/cdnoticias.com\/index.php\/wp-json\/wp\/v2\/types\/post"}],"author":[{"embeddable":true,"href":"https:\/\/cdnoticias.com\/index.php\/wp-json\/wp\/v2\/users\/2"}],"replies":[{"embeddable":true,"href":"https:\/\/cdnoticias.com\/index.php\/wp-json\/wp\/v2\/comments?post=17455"}],"version-history":[{"count":0,"href":"https:\/\/cdnoticias.com\/index.php\/wp-json\/wp\/v2\/posts\/17455\/revisions"}],"wp:featuredmedia":[{"embeddable":true,"href":"https:\/\/cdnoticias.com\/index.php\/wp-json\/wp\/v2\/media\/619"}],"wp:attachment":[{"href":"https:\/\/cdnoticias.com\/index.php\/wp-json\/wp\/v2\/media?parent=17455"}],"wp:term":[{"taxonomy":"category","embeddable":true,"href":"https:\/\/cdnoticias.com\/index.php\/wp-json\/wp\/v2\/categories?post=17455"},{"taxonomy":"post_tag","embeddable":true,"href":"https:\/\/cdnoticias.com\/index.php\/wp-json\/wp\/v2\/tags?post=17455"}],"curies":[{"name":"wp","href":"https:\/\/api.w.org\/{rel}","templated":true}]}}