{"id":174536,"date":"2025-06-19T10:06:41","date_gmt":"2025-06-19T13:06:41","guid":{"rendered":"https:\/\/cdnoticias.com\/?p=174536"},"modified":"2025-06-19T10:13:39","modified_gmt":"2025-06-19T13:13:39","slug":"andando-olavarria-llega-a-monte-pelloni","status":"publish","type":"post","link":"https:\/\/cdnoticias.com\/index.php\/2025\/06\/19\/andando-olavarria-llega-a-monte-pelloni\/","title":{"rendered":"\u201cAndando Olavarr\u00eda\u201d, hasta Monte Pelloni"},"content":{"rendered":"\n<p>Ser\u00e1 el s\u00e1bado 21 con punto de partida en el Polo Educativo y Recreativo \u201cLa M\u00e1xima\u201d.&nbsp;<\/p>\n\n\n\n<hr class=\"wp-block-separator aligncenter has-alpha-channel-opacity\"\/>\n\n\n\n<p>Este <strong>s\u00e1bado<\/strong>, se realizar\u00e1 una <strong>nueva edici\u00f3n del programa \u201cAndando Olavarr\u00eda\u201d<\/strong> con<strong> destino a Monte Pelloni.<\/strong><\/p>\n\n\n\n<p><\/p>\n\n\n\n<blockquote class=\"wp-block-quote is-layout-flow wp-block-quote-is-layout-flow\">\n<p>\u00a0La propuesta se llevar\u00e1 a cabo desde las 13:30 horas, con punto de partida en el Polo Educativo y Recreativo \u201cLa M\u00e1xima\u201d, avenida Pellegrini 4200.\u00a0\u00a0<\/p>\n<\/blockquote>\n\n\n\n<p><\/p>\n\n\n\n<p>\u201cAndando Olavarr\u00eda\u201d <strong>incluye salidas grupales y gratuitas en bicicleta, <\/strong>organizadas desde la Direcci\u00f3n de Deporte Social, con el objetivo de promover la incorporaci\u00f3n de h\u00e1bitos saludables en toda la comunidad y, a la par, poner en valor y disfrutar de los paisajes y propuestas con las que cuenta nuestro Partido.<\/p>\n\n\n\n<p><\/p>\n\n\n\n<p><strong>La invitaci\u00f3n es libre y gratuita.<\/strong> Aquellas personas interesadas en participar deber\u00e1n inscribirse previamente completando el formulario online al cual se accede haciendo <a href=\"https:\/\/docs.google.com\/forms\/d\/1aXZRC3DhL3DffyoJGEQw6-YQAF3ZHH2L5_z0YWS-fPs\/viewform?ts=6851649c&amp;edit_requested=true&amp;fbclid=PAQ0xDSwK-eC5leHRuA2FlbQIxMQABp-Rpv_6in88E_azn1CipNkDDVS0ZJ15Tq6FFLa4lanNLbbmQx_zXbafn1he8_aem_jlKyLzvvlJZ2tTEE9mZp1w\" target=\"_blank\" rel=\"noreferrer noopener\"><strong>click aqu\u00ed<\/strong><\/a>. De la propuesta podr\u00e1n participar personas menores de 18 a\u00f1os, quienes deber\u00e1n concurrir al d\u00eda de la actividad acompa\u00f1adas por una persona mayor, la cual deber\u00e1 ser anotada tambi\u00e9n al momento de realizar la inscripci\u00f3n.<\/p>\n\n\n\n<p><\/p>\n\n\n\n<p class=\"has-medium-font-size\"><strong>Elementos obligatorios<\/strong><\/p>\n\n\n\n<ul class=\"wp-block-list\">\n<li>Bicicleta en condiciones.<\/li>\n\n\n\n<li>Casco<\/li>\n\n\n\n<li>Elementos m\u00ednimos de reparaci\u00f3n<\/li>\n\n\n\n<li>Agua o hidrataci\u00f3n<\/li>\n\n\n\n<li>Repelente<\/li>\n\n\n\n<li>Protector Solar<\/li>\n\n\n\n<li>Ropa c\u00f3moda<\/li>\n<\/ul>\n","protected":false},"excerpt":{"rendered":"<p>Ser\u00e1 el s\u00e1bado 21 con punto de partida en el Polo Educativo y Recreativo \u201cLa M\u00e1xima\u201d.&nbsp; Este s\u00e1bado, se realizar\u00e1<\/p>\n","protected":false},"author":6,"featured_media":167124,"comment_status":"closed","ping_status":"closed","sticky":false,"template":"","format":"standard","meta":{"_jetpack_memberships_contains_paid_content":false,"footnotes":""},"categories":[5,1],"tags":[],"class_list":["post-174536","post","type-post","status-publish","format-standard","has-post-thumbnail","hentry","category-informacion-general","category-portada"],"jetpack_featured_media_url":"https:\/\/i0.wp.com\/cdnoticias.com\/wp-content\/uploads\/2025\/03\/andando-olavarria-salidas-bicicleta.jpg?fit=900%2C599&ssl=1","jetpack_sharing_enabled":true,"_links":{"self":[{"href":"https:\/\/cdnoticias.com\/index.php\/wp-json\/wp\/v2\/posts\/174536","targetHints":{"allow":["GET"]}}],"collection":[{"href":"https:\/\/cdnoticias.com\/index.php\/wp-json\/wp\/v2\/posts"}],"about":[{"href":"https:\/\/cdnoticias.com\/index.php\/wp-json\/wp\/v2\/types\/post"}],"author":[{"embeddable":true,"href":"https:\/\/cdnoticias.com\/index.php\/wp-json\/wp\/v2\/users\/6"}],"replies":[{"embeddable":true,"href":"https:\/\/cdnoticias.com\/index.php\/wp-json\/wp\/v2\/comments?post=174536"}],"version-history":[{"count":0,"href":"https:\/\/cdnoticias.com\/index.php\/wp-json\/wp\/v2\/posts\/174536\/revisions"}],"wp:featuredmedia":[{"embeddable":true,"href":"https:\/\/cdnoticias.com\/index.php\/wp-json\/wp\/v2\/media\/167124"}],"wp:attachment":[{"href":"https:\/\/cdnoticias.com\/index.php\/wp-json\/wp\/v2\/media?parent=174536"}],"wp:term":[{"taxonomy":"category","embeddable":true,"href":"https:\/\/cdnoticias.com\/index.php\/wp-json\/wp\/v2\/categories?post=174536"},{"taxonomy":"post_tag","embeddable":true,"href":"https:\/\/cdnoticias.com\/index.php\/wp-json\/wp\/v2\/tags?post=174536"}],"curies":[{"name":"wp","href":"https:\/\/api.w.org\/{rel}","templated":true}]}}