{"id":174532,"date":"2025-06-18T19:24:55","date_gmt":"2025-06-18T22:24:55","guid":{"rendered":"https:\/\/cdnoticias.com\/?p=174532"},"modified":"2025-06-18T19:24:56","modified_gmt":"2025-06-18T22:24:56","slug":"nueva-edicion-de-mercados-bonaerenses-en-el-parque-mitre","status":"publish","type":"post","link":"https:\/\/cdnoticias.com\/index.php\/2025\/06\/18\/nueva-edicion-de-mercados-bonaerenses-en-el-parque-mitre\/","title":{"rendered":"Nueva edici\u00f3n de Mercados Bonaerenses en el Parque Mitre"},"content":{"rendered":"\n<p>Ser\u00e1 este s\u00e1bado 21 de 9 a 13 horas donde habr\u00e1 participaci\u00f3n de productores locales.&nbsp;<\/p>\n\n\n\n<hr class=\"wp-block-separator aligncenter has-alpha-channel-opacity\"\/>\n\n\n\n<p>Este <strong>s\u00e1bado <\/strong>habr\u00e1 una <strong>nueva edici\u00f3n de \u201cMercados Bonaerenses\u201d<\/strong> en el <strong>Parque Mitre.\u00a0<\/strong><\/p>\n\n\n\n<p><\/p>\n\n\n\n<p>La propuesta<strong> ser\u00e1 de 09:00 a 13:00 horas, en Necochea y Brown <\/strong>y contar\u00e1 con la <strong>participaci\u00f3n de productores locales,<\/strong> entre los cuales se podr\u00e1n encontrar elaboraciones como: panificados dulces y salados, bebidas, quesos, plantas y plantines, miel, verduras y productos sin TACC, alfajores artesanales.\u00a0<\/p>\n\n\n\n<p><\/p>\n\n\n\n<blockquote class=\"wp-block-quote is-layout-flow wp-block-quote-is-layout-flow\">\n<p>En esta oportunidad no se dispondr\u00e1n los camiones de pastas, l\u00e1cteos y pescados y se solicita a los asistentes llevar bolsas para sus compras.<\/p>\n<\/blockquote>\n\n\n\n<p><\/p>\n\n\n\n<p>El Programa \u201cMercados Bonaerenses\u201d pertenece al Ministerio de Desarrollo Agrario de la Provincia de Buenos Aires, promociona la producci\u00f3n y el consumo de Alimentos Bonaerenses acercando a productores, productoras, consumidores y consumidoras a trav\u00e9s de una red de ferias y mercados en toda la provincia de Buenos Aires.<\/p>\n","protected":false},"excerpt":{"rendered":"<p>Ser\u00e1 este s\u00e1bado 21 de 9 a 13 horas donde habr\u00e1 participaci\u00f3n de productores locales.&nbsp; Este s\u00e1bado habr\u00e1 una nueva<\/p>\n","protected":false},"author":6,"featured_media":134869,"comment_status":"closed","ping_status":"closed","sticky":false,"template":"","format":"standard","meta":{"_jetpack_memberships_contains_paid_content":false,"footnotes":""},"categories":[5,1],"tags":[],"class_list":["post-174532","post","type-post","status-publish","format-standard","has-post-thumbnail","hentry","category-informacion-general","category-portada"],"jetpack_featured_media_url":"https:\/\/i0.wp.com\/cdnoticias.com\/wp-content\/uploads\/2025\/01\/mercados-bonaerenses-enero-2025-4.jpg?fit=1072%2C597&ssl=1","jetpack_sharing_enabled":true,"_links":{"self":[{"href":"https:\/\/cdnoticias.com\/index.php\/wp-json\/wp\/v2\/posts\/174532","targetHints":{"allow":["GET"]}}],"collection":[{"href":"https:\/\/cdnoticias.com\/index.php\/wp-json\/wp\/v2\/posts"}],"about":[{"href":"https:\/\/cdnoticias.com\/index.php\/wp-json\/wp\/v2\/types\/post"}],"author":[{"embeddable":true,"href":"https:\/\/cdnoticias.com\/index.php\/wp-json\/wp\/v2\/users\/6"}],"replies":[{"embeddable":true,"href":"https:\/\/cdnoticias.com\/index.php\/wp-json\/wp\/v2\/comments?post=174532"}],"version-history":[{"count":0,"href":"https:\/\/cdnoticias.com\/index.php\/wp-json\/wp\/v2\/posts\/174532\/revisions"}],"wp:featuredmedia":[{"embeddable":true,"href":"https:\/\/cdnoticias.com\/index.php\/wp-json\/wp\/v2\/media\/134869"}],"wp:attachment":[{"href":"https:\/\/cdnoticias.com\/index.php\/wp-json\/wp\/v2\/media?parent=174532"}],"wp:term":[{"taxonomy":"category","embeddable":true,"href":"https:\/\/cdnoticias.com\/index.php\/wp-json\/wp\/v2\/categories?post=174532"},{"taxonomy":"post_tag","embeddable":true,"href":"https:\/\/cdnoticias.com\/index.php\/wp-json\/wp\/v2\/tags?post=174532"}],"curies":[{"name":"wp","href":"https:\/\/api.w.org\/{rel}","templated":true}]}}