{"id":17453,"date":"2021-03-29T17:10:04","date_gmt":"2021-03-29T20:10:04","guid":{"rendered":"http:\/\/www.centraldenoticias.com.ar\/?p=17453"},"modified":"2021-03-29T17:11:56","modified_gmt":"2021-03-29T20:11:56","slug":"por-el-incremento-de-casos-los-bares-y-restaurantes-cerraran-a-la-medianoche","status":"publish","type":"post","link":"https:\/\/cdnoticias.com\/index.php\/2021\/03\/29\/por-el-incremento-de-casos-los-bares-y-restaurantes-cerraran-a-la-medianoche\/","title":{"rendered":"Por el incremento de casos los bares y restaurantes cerrar\u00e1n a la medianoche"},"content":{"rendered":"<p>As\u00ed fue resuelto desde el Municipio en la tarde de este lunes, tras dar a conocer el registro de 3 muertos y 180 casos de coronavirus.<!--more--><\/p>\n<hr \/>\n<p>Olavarr\u00eda inici\u00f3 de la peor forma la semana en materia epidemiol\u00f3gica, ya que<a href=\"https:\/\/cdnoticias.com\/index.php\/2021\/03\/29\/se-registraron-tres-fallecimientos-por-covid-en-olavarria\/\" target=\"_blank\" rel=\"noopener\"> se registraron 3 muerte de pacientes con Coronavirus<\/a>, adem\u00e1s de la <a href=\"https:\/\/cdnoticias.com\/index.php\/2021\/03\/29\/segunda-ola-se-detectaron-180-casos-positivos-de-coronavirus\/\" target=\"_blank\" rel=\"noopener\">detecci\u00f3n de 180 positivos, lo que elev\u00f3 a 500 la cifra de pacientes activos<\/a>. Es por ello que<strong> desde el municipio se adopt\u00f3 una nueva medida en materia de restricciones.<\/strong><\/p>\n<p>&nbsp;<\/p>\n<p>\u201cDebido al aumento exponencial de testeos y casos positivos de Covid-19, el intendente municipal Ezequiel Galli junto al Comit\u00e9 de Crisis resolvi\u00f3 restringir el horario de la nocturnidad en Olavarr\u00eda\u201d, se enfatiz\u00f3 en un comunicado emitido luego de dar a conocer el parte oficial. <strong>\u201cDe esta manera, los bares, restaurantes, salas de juego, cines y kioscos podr\u00e1n abrir hasta las 24 horas. La medida comenzar\u00e1 a regir desde este martes 30 de marzo y ser\u00e1 por 14 d\u00edas\u201d, se complet\u00f3.<\/strong><\/p>\n<p>&nbsp;<\/p>\n<p><img data-recalc-dims=\"1\" loading=\"lazy\" decoding=\"async\" class=\"alignnone size-large wp-image-16979\" src=\"https:\/\/i0.wp.com\/cdnoticias.com\/wp-content\/uploads\/2021\/03\/conferencia-covid1.jpg?resize=800%2C534&#038;ssl=1\" alt=\"\" width=\"800\" height=\"534\" srcset=\"https:\/\/i0.wp.com\/cdnoticias.com\/wp-content\/uploads\/2021\/03\/conferencia-covid1.jpg?resize=1024%2C683&amp;ssl=1 1024w, https:\/\/i0.wp.com\/cdnoticias.com\/wp-content\/uploads\/2021\/03\/conferencia-covid1.jpg?resize=300%2C200&amp;ssl=1 300w, https:\/\/i0.wp.com\/cdnoticias.com\/wp-content\/uploads\/2021\/03\/conferencia-covid1.jpg?resize=768%2C512&amp;ssl=1 768w, https:\/\/i0.wp.com\/cdnoticias.com\/wp-content\/uploads\/2021\/03\/conferencia-covid1.jpg?resize=272%2C182&amp;ssl=1 272w, https:\/\/i0.wp.com\/cdnoticias.com\/wp-content\/uploads\/2021\/03\/conferencia-covid1.jpg?w=1600&amp;ssl=1 1600w, https:\/\/i0.wp.com\/cdnoticias.com\/wp-content\/uploads\/2021\/03\/conferencia-covid1.jpg?w=2400&amp;ssl=1 2400w\" sizes=\"auto, (max-width: 800px) 100vw, 800px\" \/><\/p>\n<p>&nbsp;<\/p>\n<p>A la par, se detallaron declaraciones del intendente municipal, quien expres\u00f3 que <strong>\u201cestamos viendo un gran n\u00famero de pacientes con diversos s\u00edntomas que se est\u00e1n acercando a los centros de testeos y tomamos la decisi\u00f3n de restringir por dos horas la circulaci\u00f3n nocturna en el Partido\u201d.<\/strong><\/p>\n<p>&nbsp;<\/p>\n<p>\u201cSiempre dijimos con Germ\u00e1n Caputo que todas las medidas que se toman son transitorias y dependen de la situaci\u00f3n epidemiol\u00f3gica de la ciudad\u201d, agreg\u00f3 el jefe comunal. Y a\u00f1adi\u00f3: <strong>\u201cvamos a seguir monitoreando d\u00eda a d\u00eda los resultados de este plan intensivo de testeos porque es la herramienta que tenemos para tomar decisiones en los pr\u00f3ximos d\u00edas\u201d.<\/strong><\/p>\n<p>&nbsp;<\/p>\n<p><img data-recalc-dims=\"1\" loading=\"lazy\" decoding=\"async\" class=\"alignnone size-large wp-image-16982\" src=\"https:\/\/i0.wp.com\/cdnoticias.com\/wp-content\/uploads\/2021\/03\/german-caputo-conferencia-covid1.jpg?resize=800%2C534&#038;ssl=1\" alt=\"\" width=\"800\" height=\"534\" srcset=\"https:\/\/i0.wp.com\/cdnoticias.com\/wp-content\/uploads\/2021\/03\/german-caputo-conferencia-covid1.jpg?resize=1024%2C683&amp;ssl=1 1024w, https:\/\/i0.wp.com\/cdnoticias.com\/wp-content\/uploads\/2021\/03\/german-caputo-conferencia-covid1.jpg?resize=300%2C200&amp;ssl=1 300w, https:\/\/i0.wp.com\/cdnoticias.com\/wp-content\/uploads\/2021\/03\/german-caputo-conferencia-covid1.jpg?resize=768%2C512&amp;ssl=1 768w, https:\/\/i0.wp.com\/cdnoticias.com\/wp-content\/uploads\/2021\/03\/german-caputo-conferencia-covid1.jpg?resize=272%2C182&amp;ssl=1 272w, https:\/\/i0.wp.com\/cdnoticias.com\/wp-content\/uploads\/2021\/03\/german-caputo-conferencia-covid1.jpg?w=1600&amp;ssl=1 1600w, https:\/\/i0.wp.com\/cdnoticias.com\/wp-content\/uploads\/2021\/03\/german-caputo-conferencia-covid1.jpg?w=2400&amp;ssl=1 2400w\" sizes=\"auto, (max-width: 800px) 100vw, 800px\" \/><\/p>\n<p>&nbsp;<\/p>\n<p>Asimismo, Galli dijo que <strong>\u201cafortunadamente estamos teniendo muy pocos contagios en los alumnos en el RTA Pedi\u00e1trico y para nosotros este dato es clave porque queremos que los chicos est\u00e9n en las aulas\u201d.<\/strong><\/p>\n<p>&nbsp;<\/p>\n<p>Por su parte, el Secretario de Salud indic\u00f3 que \u201csi bien es un gran n\u00famero el que hisopamos hoy a nosotros nos ayuda para aislar a los positivos y controlar la propagaci\u00f3n\u201d. <strong>\u201cEs fundamental que todos aquellos que tuvieron resultado positivo en el test se a\u00edslen junto a sus contactos estrechos para no contagiar\u201d<\/strong>, finaliz\u00f3 el funcionario municipal.<\/p>\n","protected":false},"excerpt":{"rendered":"<p>As\u00ed fue resuelto desde el Municipio en la tarde de este lunes, tras dar a conocer el registro de 3<\/p>\n","protected":false},"author":3,"featured_media":0,"comment_status":"closed","ping_status":"closed","sticky":false,"template":"","format":"standard","meta":{"_jetpack_memberships_contains_paid_content":false,"footnotes":""},"categories":[5,1],"tags":[],"class_list":["post-17453","post","type-post","status-publish","format-standard","hentry","category-informacion-general","category-portada"],"jetpack_featured_media_url":"","jetpack_sharing_enabled":true,"_links":{"self":[{"href":"https:\/\/cdnoticias.com\/index.php\/wp-json\/wp\/v2\/posts\/17453","targetHints":{"allow":["GET"]}}],"collection":[{"href":"https:\/\/cdnoticias.com\/index.php\/wp-json\/wp\/v2\/posts"}],"about":[{"href":"https:\/\/cdnoticias.com\/index.php\/wp-json\/wp\/v2\/types\/post"}],"author":[{"embeddable":true,"href":"https:\/\/cdnoticias.com\/index.php\/wp-json\/wp\/v2\/users\/3"}],"replies":[{"embeddable":true,"href":"https:\/\/cdnoticias.com\/index.php\/wp-json\/wp\/v2\/comments?post=17453"}],"version-history":[{"count":0,"href":"https:\/\/cdnoticias.com\/index.php\/wp-json\/wp\/v2\/posts\/17453\/revisions"}],"wp:attachment":[{"href":"https:\/\/cdnoticias.com\/index.php\/wp-json\/wp\/v2\/media?parent=17453"}],"wp:term":[{"taxonomy":"category","embeddable":true,"href":"https:\/\/cdnoticias.com\/index.php\/wp-json\/wp\/v2\/categories?post=17453"},{"taxonomy":"post_tag","embeddable":true,"href":"https:\/\/cdnoticias.com\/index.php\/wp-json\/wp\/v2\/tags?post=17453"}],"curies":[{"name":"wp","href":"https:\/\/api.w.org\/{rel}","templated":true}]}}