{"id":174520,"date":"2025-06-18T16:19:21","date_gmt":"2025-06-18T19:19:21","guid":{"rendered":"https:\/\/cdnoticias.com\/?p=174520"},"modified":"2025-06-18T16:19:23","modified_gmt":"2025-06-18T19:19:23","slug":"adolfo-andres-mosescu-q-e-p-d","status":"publish","type":"post","link":"https:\/\/cdnoticias.com\/index.php\/2025\/06\/18\/adolfo-andres-mosescu-q-e-p-d\/","title":{"rendered":"Adolfo Andr\u00e9s Mosescu (Q.E.P.D.)"},"content":{"rendered":"\n<p>Falleci\u00f3 en Olavarr\u00eda el 18 de junio de 2025 a los 93 a\u00f1os.<\/p>\n\n\n\n<p>Su esposa Dora Dal Poggetto. Sus hijos Adolfo y Miriam Mosescu. Sus hijos pol\u00edticos Mariela Cutuli y Alberto Gomez. Sus nietos Adolfo y Matias Mosescu; Andres, Maria Emilia y Maria Victoria Gomez Mosescu. Su nieto pol\u00edtico Sebastian Alloggia y dem\u00e1s deudos participan su fallecimiento.<\/p>\n\n\n\n<p>Velatorio: Espa\u00f1a 2942, Departamento &#8220;E&#8221;. Comienza a las 18 horas y finaliza a las 20 horas. Sin responso. Cremaci\u00f3n: Crematorio Pinos de Paz, d\u00eda y hora a confirmar. Servicio adherido a Coopelectric.&nbsp;<\/p>\n\n\n\n<p>Barrio en el que viv\u00eda: Pueblo Nuevo.<\/p>\n\n\n\n<p>Lugar de nacimiento:&nbsp; Estaci\u00f3n Bonifacio &#8211; Laguna Alsina.<\/p>\n\n\n\n<p>Actividad que desarrollaba: Jubilado Bombista.<\/p>\n\n\n\n<p><\/p>\n","protected":false},"excerpt":{"rendered":"<p>Falleci\u00f3 en Olavarr\u00eda el 18 de junio de 2025 a los 93 a\u00f1os. Su esposa Dora Dal Poggetto. Sus hijos<\/p>\n","protected":false},"author":6,"featured_media":67646,"comment_status":"closed","ping_status":"closed","sticky":false,"template":"","format":"standard","meta":{"_jetpack_memberships_contains_paid_content":false,"footnotes":""},"categories":[10],"tags":[],"class_list":["post-174520","post","type-post","status-publish","format-standard","has-post-thumbnail","hentry","category-necrologicas"],"jetpack_featured_media_url":"https:\/\/i0.wp.com\/cdnoticias.com\/wp-content\/uploads\/2022\/10\/necrologicas-390-x-240.jpg?fit=390%2C240&ssl=1","jetpack_sharing_enabled":true,"_links":{"self":[{"href":"https:\/\/cdnoticias.com\/index.php\/wp-json\/wp\/v2\/posts\/174520","targetHints":{"allow":["GET"]}}],"collection":[{"href":"https:\/\/cdnoticias.com\/index.php\/wp-json\/wp\/v2\/posts"}],"about":[{"href":"https:\/\/cdnoticias.com\/index.php\/wp-json\/wp\/v2\/types\/post"}],"author":[{"embeddable":true,"href":"https:\/\/cdnoticias.com\/index.php\/wp-json\/wp\/v2\/users\/6"}],"replies":[{"embeddable":true,"href":"https:\/\/cdnoticias.com\/index.php\/wp-json\/wp\/v2\/comments?post=174520"}],"version-history":[{"count":0,"href":"https:\/\/cdnoticias.com\/index.php\/wp-json\/wp\/v2\/posts\/174520\/revisions"}],"wp:featuredmedia":[{"embeddable":true,"href":"https:\/\/cdnoticias.com\/index.php\/wp-json\/wp\/v2\/media\/67646"}],"wp:attachment":[{"href":"https:\/\/cdnoticias.com\/index.php\/wp-json\/wp\/v2\/media?parent=174520"}],"wp:term":[{"taxonomy":"category","embeddable":true,"href":"https:\/\/cdnoticias.com\/index.php\/wp-json\/wp\/v2\/categories?post=174520"},{"taxonomy":"post_tag","embeddable":true,"href":"https:\/\/cdnoticias.com\/index.php\/wp-json\/wp\/v2\/tags?post=174520"}],"curies":[{"name":"wp","href":"https:\/\/api.w.org\/{rel}","templated":true}]}}