{"id":174514,"date":"2025-06-18T12:13:03","date_gmt":"2025-06-18T15:13:03","guid":{"rendered":"https:\/\/cdnoticias.com\/?p=174514"},"modified":"2025-06-18T12:13:07","modified_gmt":"2025-06-18T15:13:07","slug":"fiesta-de-la-musica-en-la-alianza-francesa-olavarria","status":"publish","type":"post","link":"https:\/\/cdnoticias.com\/index.php\/2025\/06\/18\/fiesta-de-la-musica-en-la-alianza-francesa-olavarria\/","title":{"rendered":"Fiesta de la M\u00fasica en la Alianza Francesa Olavarr\u00eda"},"content":{"rendered":"\n<p>Ser\u00e1 el pr\u00f3ximo s\u00e1bado 21 de junio desde las 18:00. Los interesados en participar deben inscribirse con anticipaci\u00f3n.<\/p>\n\n\n\n<hr class=\"wp-block-separator has-alpha-channel-opacity\"\/>\n\n\n\n<p>La <strong>Alianza Francesa Olavarr\u00eda <\/strong>invita a participar de manera gratuita a m\u00fasicos, cantantes, bailarines, a una nueva edici\u00f3n de la<strong> Fiesta de la M\u00fasica <\/strong>que se llevar\u00e1 a cabo el <strong>s\u00e1bado 21 de junio desde las 18 horas, en Dorrego 3161.<\/strong><\/p>\n\n\n\n<p><\/p>\n\n\n\n<p>Los y las interesadas <strong>pueden anotarse hasta el jueves 19 horas a las 11,30 horas,<\/strong> a trav\u00e9s de las siguientes redes sociales. <strong>Facebook:<\/strong> Alianza Francesa Olavarr\u00eda; <strong>Instagram:<\/strong> @alianzafrancesaolavarria; o pueden tambi\u00e9n comunicarse al <strong>mail:<\/strong> alianzafrancesaolavarria@gmail.com; <strong>Whatsapp:<\/strong> 2284 536525 o acercarse hasta la Alianza.<\/p>\n\n\n\n<p><\/p>\n\n\n\n<p>La Fiesta de la M\u00fasica se realiza todos los a\u00f1os el 21 de junio en Francia. Es un<strong> gran evento popular gratuito abierto<\/strong> a todos los m\u00fasicos, aficionados de todos los niveles o profesionales, celebra la m\u00fasica viva y pone de relieve la amplitud y diversidad de las pr\u00e1cticas musicales, as\u00ed como todos los g\u00e9neros musicales y art\u00edsticos.<\/p>\n\n\n\n<p><\/p>\n\n\n\n<p>La propuesta est\u00e1 dirigida a todos los p\u00fablicos y ayuda a familiarizar a j\u00f3venes y mayores de todos los or\u00edgenes sociales con todas las expresiones art\u00edsticas. La Alianza Francesa de Olavarr\u00eda como la red de Alianzas Francesas de Argentina se suman a estos festejos.<\/p>\n\n\n\n<p><\/p>\n","protected":false},"excerpt":{"rendered":"<p>Ser\u00e1 el pr\u00f3ximo s\u00e1bado 21 de junio desde las 18:00. Los interesados en participar deben inscribirse con anticipaci\u00f3n. La Alianza<\/p>\n","protected":false},"author":5,"featured_media":174515,"comment_status":"closed","ping_status":"closed","sticky":false,"template":"","format":"standard","meta":{"_jetpack_memberships_contains_paid_content":false,"footnotes":""},"categories":[9,1],"tags":[],"class_list":["post-174514","post","type-post","status-publish","format-standard","has-post-thumbnail","hentry","category-cultura","category-portada"],"jetpack_featured_media_url":"https:\/\/i0.wp.com\/cdnoticias.com\/wp-content\/uploads\/2025\/06\/fiesta-musica-alianza.png?fit=800%2C445&ssl=1","jetpack_sharing_enabled":true,"_links":{"self":[{"href":"https:\/\/cdnoticias.com\/index.php\/wp-json\/wp\/v2\/posts\/174514","targetHints":{"allow":["GET"]}}],"collection":[{"href":"https:\/\/cdnoticias.com\/index.php\/wp-json\/wp\/v2\/posts"}],"about":[{"href":"https:\/\/cdnoticias.com\/index.php\/wp-json\/wp\/v2\/types\/post"}],"author":[{"embeddable":true,"href":"https:\/\/cdnoticias.com\/index.php\/wp-json\/wp\/v2\/users\/5"}],"replies":[{"embeddable":true,"href":"https:\/\/cdnoticias.com\/index.php\/wp-json\/wp\/v2\/comments?post=174514"}],"version-history":[{"count":0,"href":"https:\/\/cdnoticias.com\/index.php\/wp-json\/wp\/v2\/posts\/174514\/revisions"}],"wp:featuredmedia":[{"embeddable":true,"href":"https:\/\/cdnoticias.com\/index.php\/wp-json\/wp\/v2\/media\/174515"}],"wp:attachment":[{"href":"https:\/\/cdnoticias.com\/index.php\/wp-json\/wp\/v2\/media?parent=174514"}],"wp:term":[{"taxonomy":"category","embeddable":true,"href":"https:\/\/cdnoticias.com\/index.php\/wp-json\/wp\/v2\/categories?post=174514"},{"taxonomy":"post_tag","embeddable":true,"href":"https:\/\/cdnoticias.com\/index.php\/wp-json\/wp\/v2\/tags?post=174514"}],"curies":[{"name":"wp","href":"https:\/\/api.w.org\/{rel}","templated":true}]}}