{"id":174499,"date":"2025-06-18T08:58:21","date_gmt":"2025-06-18T11:58:21","guid":{"rendered":"https:\/\/cdnoticias.com\/?p=174499"},"modified":"2025-06-18T11:24:41","modified_gmt":"2025-06-18T14:24:41","slug":"ruta-3-del-total-de-accidentes-mas-de-95-son-choques-frontales-la-doble-mano-es-imprescindible","status":"publish","type":"post","link":"https:\/\/cdnoticias.com\/index.php\/2025\/06\/18\/ruta-3-del-total-de-accidentes-mas-de-95-son-choques-frontales-la-doble-mano-es-imprescindible\/","title":{"rendered":"Ruta 3: \u201cdel total de accidentes, m\u00e1s de 95% son choques frontales. La doble mano es imprescindible\u201d"},"content":{"rendered":"<p>Guillermo Andrich, de Fundaci\u00f3n CEDA de Azul, present\u00f3 la informaci\u00f3n en la audiencia p\u00fablica por las licitaciones de rutas nacionales que se har\u00edan en 2026. Advirti\u00f3 que \u201clo m\u00ednimo que tienen que hacer es un mantenimiento\u201d y apunt\u00f3 a la falta de informaci\u00f3n.<!--more--><\/p>\n<hr \/>\n<p>La semana pasada se llevaron adelante las audiencias p\u00fablicas en las que la <strong>Direcci\u00f3n Nacional de Vialidad expuso su <a href=\"https:\/\/cdnoticias.com\/index.php\/2025\/06\/16\/audiencia-publica-el-proyecto-de-privatizacion-de-las-rutas-3-y-226-incluye-mas-peajes\/\" target=\"_blank\" rel=\"noopener\">proyecto de concesi\u00f3n de las rutas nacionales<\/a><\/strong> y, en ese marco, se <strong>anunciaron obras<\/strong>. Tal como se adelant\u00f3, una de las novedades fue la confirmaci\u00f3n de que se planifica <strong>aumentar la cantidad de puestos de peajes<\/strong> en el corredor vial que incluye a las rutas nacionales 3, 205 y 226. Sobre el tema, <strong>Central de Noticias<\/strong> habl\u00f3 con <strong>Guillermo Andrich, miembros de la Fundaci\u00f3n CEDA de Azul<\/strong>, entidad que impulsa el <strong>reclamo por la construcci\u00f3n de la autov\u00eda en la ruta 3<\/strong>.<\/p>\n<blockquote><p>\u201cFuimos a contar el accionar de Fundaci\u00f3n CEDA de estos a\u00f1os, desde el 2012 con la instalaci\u00f3n del cartel sobre la ruta 3\u201d dijo el referente azule\u00f1o acerca del cartel ubicado sobre la ruta a la altura del principal acceso a la vecina ciudad en el que se expone el registro de siniestros viales y v\u00edctimas. \u201cComent\u00e9 las cifras de accidentes, heridos y muertos. Y le dejamos nuestro parecer ya que del total de accidentes, m\u00e1s de 95% son choques frontales. Entonces, la doble mano no es que es necesaria, es imprescindible\u201d inform\u00f3 sobre su mensaje a las autoridades de Vialidad Nacional que encabezaron la audiencia.<\/p><\/blockquote>\n<p>El estado nacional est\u00e1 obligado a convocar a audiencia p\u00fablica al lanzar su proyecto de concesi\u00f3n. Todos los interesados pueden acercarse a los puntos previstos, en este caso <a href=\"https:\/\/cdnoticias.com\/index.php\/2025\/05\/20\/audiencia-publica-para-licitar-obras-en-rutas-nacionales-incluye-tramos-de-226-y-3\/\" target=\"_blank\" rel=\"noopener\">fueron tres audiencias realizadas<\/a>, para escuchar la propuesta de las autoridades. Y tambi\u00e9n se les permite exponer, pero las objeciones u observaciones que se presenten no tienen impacto directo en el resultado final. <strong>\u201cEn realidad es una consulta no vinculante<\/strong>, por un lado. Y por otro lado, es obligatoria. <strong>Lo que presentaron ya est\u00e1 todo armado<\/strong>. Entonces, por m\u00e1s sugerencia que se pueda dar, no creo que se modifique nada\u201d explic\u00f3 para advertir que por parte de la Fundaci\u00f3n la asistencia era con<strong> \u201ccero expectativa, pero es una manera de continuar con nuestros reclamos\u201d<\/strong>.<\/p>\n<p>Record\u00f3 que <strong>hace unos 13 a\u00f1os que comenzaron a exponer las demandas<\/strong> respecto de la construcci\u00f3n de la autov\u00eda en la ruta. Sobre ese tema, remarc\u00f3 que \u201cel reclamo nuestro no es a un gobierno, No estamos ni a favor ni en contra, somos totalmente apol\u00edticos. <strong>El reclamo es al estado argentino. Esto tiene que ser transversal a la administraci\u00f3n que est\u00e9 en ese momento.<\/strong> Nosotros empezamos en el 2012 y a todos le reclamamos lo mismo: pas\u00f3 Cristina Kirchner, Macri, Alberto Fern\u00e1ndez, ahora est\u00e1 Milei. Porque <em>alg\u00fan p\u00edcaro siempre quiere meter la parte pol\u00edtica en el tema este y no queremos entrar en ese juego. Es una obra necesaria para el bienestar de los argentinos\u201d<\/em>.<\/p>\n<blockquote class=\"wp-embedded-content\" data-secret=\"IWBHGgCO4D\"><p><a href=\"https:\/\/cdnoticias.com\/index.php\/2025\/06\/16\/audiencia-publica-el-proyecto-de-privatizacion-de-las-rutas-3-y-226-incluye-mas-peajes\/\">Audiencia p\u00fablica: el proyecto de privatizaci\u00f3n de las rutas 3 y 226 incluye m\u00e1s peajes<\/a><\/p><\/blockquote>\n<p><iframe loading=\"lazy\" class=\"wp-embedded-content\" sandbox=\"allow-scripts\" security=\"restricted\" style=\"position: absolute; visibility: hidden;\" title=\"&#8220;Audiencia p\u00fablica: el proyecto de privatizaci\u00f3n de las rutas 3 y 226 incluye m\u00e1s peajes&#8221; &#8212; Central de Noticias | Olavarr\u00eda\" src=\"https:\/\/cdnoticias.com\/index.php\/2025\/06\/16\/audiencia-publica-el-proyecto-de-privatizacion-de-las-rutas-3-y-226-incluye-mas-peajes\/embed\/#?secret=od1Tjf4RQn#?secret=IWBHGgCO4D\" data-secret=\"IWBHGgCO4D\" width=\"600\" height=\"338\" frameborder=\"0\" marginwidth=\"0\" marginheight=\"0\" scrolling=\"no\"><\/iframe><\/p>\n<p>El corredor vial que incluye a la regi\u00f3n centro bonaerense, Corredor Vial Sur, incluye la ruta 3, desde Buenos Aires a Bah\u00eda Blanca, la ruta 205 en el acceso a Ca\u00f1uelas, Ezeiza y Autopista Riccheri, y la ruta 226 hasta Bol\u00edvar. Acerca de la informaci\u00f3n expuesta, indic\u00f3 que<strong> \u201cse dio un pantallazo general sin demasiados detalles de lo que iba a costar el llamado a licitaci\u00f3n, que es pr\u00e1cticamente mantenimiento<\/strong>. Salvo alg\u00fan tramo en la <strong>ruta 226<\/strong> que se habl\u00f3 de hacer <strong>un tercer carril\u201d<\/strong>. Se refiri\u00f3 a a la llamada \u201cruta segura\u201d que implica la extensi\u00f3n en ciertos tramos de la v\u00eda de circulaci\u00f3n con un tercer carril para habilitar el sobrepaso. \u201cM\u00e1s que eso no hay, obras de mantenimiento y con <strong>algunas cabinas de peaje m\u00e1s. No sabemos tampoco cu\u00e1les van a ser los costos<\/strong>, no se inform\u00f3 eso. Es todo parte de la licitaci\u00f3n. Por lo que dijeron, lo que iba a definir un poco era el plazo y el costo del servicio que van a licitar las distintas empresas\u201d ampli\u00f3.<\/p>\n<p>En respuesta al pedido de las empresas, la <strong>Direcci\u00f3n Nacional de Vialidad planifica licitar las concesiones por 20 a\u00f1os<\/strong>. <em>\u201cCada empresa har\u00eda su oferta y se adjudicar\u00eda de acuerdo al costo que presenten por cada tramo\u201d<\/em> explic\u00f3.<\/p>\n<p>En tanto, respecto de las<strong> licitaciones para las obras de mantenimiento<\/strong>, la proyecci\u00f3n es que se convoquen<em> \u201cen seis meses\u201d<\/em>: es decir, <strong>en el inicio de 2026.<\/strong><\/p>\n<blockquote><p>\u201cTampoco se dej\u00f3 aclarado si se iba primero a hacer las obras y despu\u00e9s empezar a cobrar. Fue muy somera la definici\u00f3n\u201d enfatiz\u00f3 Guillermo Andrich.<\/p><\/blockquote>\n<p><img data-recalc-dims=\"1\" loading=\"lazy\" decoding=\"async\" class=\"alignnone size-full wp-image-172436 aligncenter\" src=\"https:\/\/i0.wp.com\/cdnoticias.com\/wp-content\/uploads\/2025\/05\/diario-el-tiempo-autovia-ruta-3.jpg?resize=800%2C450&#038;ssl=1\" alt=\"\" width=\"800\" height=\"450\" srcset=\"https:\/\/i0.wp.com\/cdnoticias.com\/wp-content\/uploads\/2025\/05\/diario-el-tiempo-autovia-ruta-3.jpg?w=1000&amp;ssl=1 1000w, https:\/\/i0.wp.com\/cdnoticias.com\/wp-content\/uploads\/2025\/05\/diario-el-tiempo-autovia-ruta-3.jpg?resize=300%2C169&amp;ssl=1 300w, https:\/\/i0.wp.com\/cdnoticias.com\/wp-content\/uploads\/2025\/05\/diario-el-tiempo-autovia-ruta-3.jpg?resize=768%2C432&amp;ssl=1 768w\" sizes=\"auto, (max-width: 800px) 100vw, 800px\" \/><\/p>\n<h3>Plan Federal de Autopistas<\/h3>\n<p>Durante su exposici\u00f3n en la audiencia, el representante azule\u00f1o tambi\u00e9n habl\u00f3 sobre el <strong>apoyo de la Fundaci\u00f3n al proyecto de ley PROMITT, \u201cestamos pidiendo que se trate en el Congreso\u201d.<\/strong><\/p>\n<p>Cabe se\u00f1alar que m\u00e1s representantes de usuarios e instituciones asistentes se expresaron en el mismo sentido.<\/p>\n<p>\u201cEl proyecto PROMITT es un estudio que se hizo en una fundaci\u00f3n que se llama Fundaci\u00f3n Meta Siglo XXI, estaban el doctor Laura y el doctor Ottaviano. Es un informe detallado de c\u00f3mo ser\u00eda <strong>un Plan Federal de Autopistas, c\u00f3mo financiarlo, c\u00f3mo construirlo<\/strong>. Ya se ha presentado en otras oportunidades en el Congreso y ha perdido estado parlamentario porque no se lo trata\u201d indic\u00f3 en la charla con este medio.<\/p>\n<blockquote><p>Consider\u00f3 que la falta de tratamiento se debe a que \u201cle saca al estado el manejo de la caja. Se contempla todo un sistema como un ente aut\u00e1rquico, que manejar\u00eda los fondos que provienen del impuesto a los combustibles, que ya estamos pagando y va a rentas generales\u201d. Se trata de una suma que se aporta cada vez que se compra combustible en todo el pa\u00eds y que tiene alta recaudaci\u00f3n, \u201chay estudios con lo que se recauda por combustible se podr\u00edan construir 2.000 kil\u00f3metros de autopistas anuales. Es mucho dinero\u201d.<\/p><\/blockquote>\n<p><img data-recalc-dims=\"1\" loading=\"lazy\" decoding=\"async\" class=\"alignnone size-full wp-image-174358 aligncenter\" src=\"https:\/\/i0.wp.com\/cdnoticias.com\/wp-content\/uploads\/2025\/06\/ruta-3-azul-vecinos-autoconvocados-00.jpg?resize=800%2C445&#038;ssl=1\" alt=\"\" width=\"800\" height=\"445\" srcset=\"https:\/\/i0.wp.com\/cdnoticias.com\/wp-content\/uploads\/2025\/06\/ruta-3-azul-vecinos-autoconvocados-00.jpg?w=1000&amp;ssl=1 1000w, https:\/\/i0.wp.com\/cdnoticias.com\/wp-content\/uploads\/2025\/06\/ruta-3-azul-vecinos-autoconvocados-00.jpg?resize=300%2C167&amp;ssl=1 300w, https:\/\/i0.wp.com\/cdnoticias.com\/wp-content\/uploads\/2025\/06\/ruta-3-azul-vecinos-autoconvocados-00.jpg?resize=768%2C427&amp;ssl=1 768w, https:\/\/i0.wp.com\/cdnoticias.com\/wp-content\/uploads\/2025\/06\/ruta-3-azul-vecinos-autoconvocados-00.jpg?resize=800%2C445&amp;ssl=1 800w\" sizes=\"auto, (max-width: 800px) 100vw, 800px\" \/><\/p>\n<h3>Urgencia y rentabilidad<\/h3>\n<blockquote><p>\u201cAl estado en que se encuentra hoy la ruta 3, que es la que m\u00e1s utilizamos nosotros, lo m\u00ednimo que tienen que hacer es un mantenimiento\u201d subray\u00f3 Andrich sobre uno de los aspectos anunciados. En cuanto al segundo punto, advirti\u00f3 que \u201cest\u00e1 comprobado que por las caracter\u00edsticas de nuestro pa\u00eds -de tanta longitud y tan poco caudal de tr\u00e1nsito- los peajes \u00fanicamente son rentables en grandes ciudades\u201d.<\/p><\/blockquote>\n<p>\u201c<strong>No ser\u00eda rentable recaudar por peaje<\/strong> un tramo que tenemos de Buenos Aires a Bah\u00eda Blanca, que son casi 800 kil\u00f3metros para mantener todo eso, ya que<strong> no sabemos bien cu\u00e1l va a ser el costo de cada pasada\u201d<\/strong> dijo.<\/p>\n<p>Durante la audiencia p\u00fablica no s\u00f3lo estuvieron los representantes de Fundaci\u00f3n CEDA de Azul, sino tambi\u00e9n de la misma localidad los V<strong>ecinos Autoconvocados por el estado de la ruta 3 \u201cAutov\u00eda Ya\u201d<\/strong>, grupos de <strong>Estrellas Amarillas<\/strong> de numerosas localidades, <strong>vecinos particulares y representantes de SUTPA<\/strong>, el sindicato de los trabajadores de peajes. Entre los expositores, los primeros en hablar fueron los<strong> intendentes y representantes del poder ejecutivo<\/strong> de municipios afectados, entre ellos por Azul estuvo <strong>el secretario de Obras P\u00fablicas Gustavo Vitale, y los intendentes de Monte, Las Flores, Tandil y Saladillo<\/strong>.<\/p>\n<p>Foto de Tapa: <em>Diario El Tiempo \/ Guillermo Andrich y Ra\u00fal Lafosse, integrantes de la Fundaci\u00f3n CEDA.<\/em><\/p>\n","protected":false},"excerpt":{"rendered":"<p>Guillermo Andrich, de Fundaci\u00f3n CEDA de Azul, present\u00f3 la informaci\u00f3n en la audiencia p\u00fablica por las licitaciones de rutas nacionales<\/p>\n","protected":false},"author":4,"featured_media":174500,"comment_status":"closed","ping_status":"closed","sticky":false,"template":"","format":"standard","meta":{"_jetpack_memberships_contains_paid_content":false,"footnotes":""},"categories":[5,1],"tags":[],"class_list":["post-174499","post","type-post","status-publish","format-standard","has-post-thumbnail","hentry","category-informacion-general","category-portada"],"jetpack_featured_media_url":"https:\/\/i0.wp.com\/cdnoticias.com\/wp-content\/uploads\/2025\/06\/Guillermo-Andrich-Raul-Lafosse-fundacion-CEDA.jpg?fit=800%2C450&ssl=1","jetpack_sharing_enabled":true,"_links":{"self":[{"href":"https:\/\/cdnoticias.com\/index.php\/wp-json\/wp\/v2\/posts\/174499","targetHints":{"allow":["GET"]}}],"collection":[{"href":"https:\/\/cdnoticias.com\/index.php\/wp-json\/wp\/v2\/posts"}],"about":[{"href":"https:\/\/cdnoticias.com\/index.php\/wp-json\/wp\/v2\/types\/post"}],"author":[{"embeddable":true,"href":"https:\/\/cdnoticias.com\/index.php\/wp-json\/wp\/v2\/users\/4"}],"replies":[{"embeddable":true,"href":"https:\/\/cdnoticias.com\/index.php\/wp-json\/wp\/v2\/comments?post=174499"}],"version-history":[{"count":0,"href":"https:\/\/cdnoticias.com\/index.php\/wp-json\/wp\/v2\/posts\/174499\/revisions"}],"wp:featuredmedia":[{"embeddable":true,"href":"https:\/\/cdnoticias.com\/index.php\/wp-json\/wp\/v2\/media\/174500"}],"wp:attachment":[{"href":"https:\/\/cdnoticias.com\/index.php\/wp-json\/wp\/v2\/media?parent=174499"}],"wp:term":[{"taxonomy":"category","embeddable":true,"href":"https:\/\/cdnoticias.com\/index.php\/wp-json\/wp\/v2\/categories?post=174499"},{"taxonomy":"post_tag","embeddable":true,"href":"https:\/\/cdnoticias.com\/index.php\/wp-json\/wp\/v2\/tags?post=174499"}],"curies":[{"name":"wp","href":"https:\/\/api.w.org\/{rel}","templated":true}]}}