{"id":174494,"date":"2025-06-18T08:04:23","date_gmt":"2025-06-18T11:04:23","guid":{"rendered":"https:\/\/cdnoticias.com\/?p=174494"},"modified":"2025-06-18T10:36:33","modified_gmt":"2025-06-18T13:36:33","slug":"una-falta-de-respeto-mas-hacia-los-vecinos-de-olavarria","status":"publish","type":"post","link":"https:\/\/cdnoticias.com\/index.php\/2025\/06\/18\/una-falta-de-respeto-mas-hacia-los-vecinos-de-olavarria\/","title":{"rendered":"\u201cUna falta de respeto m\u00e1s hacia los vecinos de Olavarr\u00eda\u201d"},"content":{"rendered":"<p>As\u00ed lo defini\u00f3 el concejal de la UCR Francisco Gonz\u00e1lez sobre la medida de fuerza anunciada por el STMO para acompa\u00f1ar a Cristina Fern\u00e1ndez. \u201cEs un exceso y un atropello a los contribuyentes\u201d consider\u00f3.<!--more--><\/p>\n<hr \/>\n<p>En las \u00faltimas horas, <strong>el Sindicato de Trabajadores Municipales de Olavarr\u00eda<\/strong> anunci\u00f3 <a href=\"https:\/\/cdnoticias.com\/index.php\/2025\/06\/17\/condena-a-cristina-fernandez-el-sindicato-de-municipales-de-olavarria-adhiere-al-paro-del-miercoles\/\" target=\"_blank\" rel=\"noopener\">un paro para acompa\u00f1ar a Cristina Fern\u00e1ndez de Kirchner<\/a>, quien en las pr\u00f3ximas horas ver\u00e1 efectiva su detenci\u00f3n, y no tardaron en llegar las repercusiones.<\/p>\n<p>Uno de los que se expres\u00f3 fue el<strong> concejal radical Francisco Gonz\u00e1lez<\/strong>, quien se\u00f1al\u00f3 que <strong>\u201cno se entiende esta decisi\u00f3n de frenar la actividad municipal para acompa\u00f1ar a una ex presidenta que ha sido condenada en todas las instancias posibles<\/strong>. En los tiempos dif\u00edciles que vive el Municipio de Olavarr\u00eda, depende del esfuerzo de todos revertir esta situaci\u00f3n. <strong>Instamos al gremio y al Ejecutivo Municipal a dar marcha atr\u00e1s con la decisi\u00f3n tomada<\/strong> por respeto a los contribuyentes de Olavarr\u00eda\u201d.<\/p>\n<blockquote><p>Adem\u00e1s, agreg\u00f3 que \u201ces una falta de respeto que vecinos que ten\u00edan un turno m\u00e9dico programado se vean perjudicados por esta situaci\u00f3n. No es serio\u201d. En ese sentido ampli\u00f3, \u201csiempre acompa\u00f1amos y defendemos las necesidades de los empleados municipales, pero esto es un exceso y un atropello a los contribuyentes\u201d.<\/p><\/blockquote>\n<p>\u201cEl gobierno de Cristina Fern\u00e1ndez de Kirchner representa uno de los entramados de corrupci\u00f3n m\u00e1s grandes que hayan existido, y adem\u00e1s de que para muchos eso parece ser justificable, <strong>nos toman a los vecinos de Olavarr\u00eda de rehenes de su militancia pol\u00edtica\u201d<\/strong>, finaliz\u00f3.<\/p>\n<p>Cabe se\u00f1alar que el Municipio comunic\u00f3 que <a href=\"https:\/\/cdnoticias.com\/index.php\/2025\/06\/17\/por-el-paro-de-municipales-habra-atencion-al-publico-en-todas-las-dependencias\/\" target=\"_blank\" rel=\"noopener\">pese el paro de municipales, habr\u00e1 \u201catenci\u00f3n al p\u00fablico en todas las dependencias\u201d<\/a>.<\/p>\n","protected":false},"excerpt":{"rendered":"<p>As\u00ed lo defini\u00f3 el concejal de la UCR Francisco Gonz\u00e1lez sobre la medida de fuerza anunciada por el STMO para<\/p>\n","protected":false},"author":4,"featured_media":174495,"comment_status":"closed","ping_status":"closed","sticky":false,"template":"","format":"standard","meta":{"_jetpack_memberships_contains_paid_content":false,"footnotes":""},"categories":[4,1],"tags":[],"class_list":["post-174494","post","type-post","status-publish","format-standard","has-post-thumbnail","hentry","category-politica","category-portada"],"jetpack_featured_media_url":"https:\/\/i0.wp.com\/cdnoticias.com\/wp-content\/uploads\/2025\/06\/UCR-francisco-gonzalez.jpg?fit=1000%2C556&ssl=1","jetpack_sharing_enabled":true,"_links":{"self":[{"href":"https:\/\/cdnoticias.com\/index.php\/wp-json\/wp\/v2\/posts\/174494","targetHints":{"allow":["GET"]}}],"collection":[{"href":"https:\/\/cdnoticias.com\/index.php\/wp-json\/wp\/v2\/posts"}],"about":[{"href":"https:\/\/cdnoticias.com\/index.php\/wp-json\/wp\/v2\/types\/post"}],"author":[{"embeddable":true,"href":"https:\/\/cdnoticias.com\/index.php\/wp-json\/wp\/v2\/users\/4"}],"replies":[{"embeddable":true,"href":"https:\/\/cdnoticias.com\/index.php\/wp-json\/wp\/v2\/comments?post=174494"}],"version-history":[{"count":0,"href":"https:\/\/cdnoticias.com\/index.php\/wp-json\/wp\/v2\/posts\/174494\/revisions"}],"wp:featuredmedia":[{"embeddable":true,"href":"https:\/\/cdnoticias.com\/index.php\/wp-json\/wp\/v2\/media\/174495"}],"wp:attachment":[{"href":"https:\/\/cdnoticias.com\/index.php\/wp-json\/wp\/v2\/media?parent=174494"}],"wp:term":[{"taxonomy":"category","embeddable":true,"href":"https:\/\/cdnoticias.com\/index.php\/wp-json\/wp\/v2\/categories?post=174494"},{"taxonomy":"post_tag","embeddable":true,"href":"https:\/\/cdnoticias.com\/index.php\/wp-json\/wp\/v2\/tags?post=174494"}],"curies":[{"name":"wp","href":"https:\/\/api.w.org\/{rel}","templated":true}]}}