{"id":174455,"date":"2025-06-19T08:26:10","date_gmt":"2025-06-19T11:26:10","guid":{"rendered":"https:\/\/cdnoticias.com\/?p=174455"},"modified":"2025-06-19T08:28:18","modified_gmt":"2025-06-19T11:28:18","slug":"continuan-las-charlas-por-el-mes-belgraniano-en-el-museo-damaso-arce","status":"publish","type":"post","link":"https:\/\/cdnoticias.com\/index.php\/2025\/06\/19\/continuan-las-charlas-por-el-mes-belgraniano-en-el-museo-damaso-arce\/","title":{"rendered":"Contin\u00faan las charlas por el mes belgraniano en el Museo D\u00e1maso Arce"},"content":{"rendered":"\n<p>El ciclo contin\u00faa este viernes 20 a las 19. Se abordar\u00e1 el tema: \u201cBelgrano, el bravo Manuel, una mente brillante\u201d, a cargo del Licenciado Mariano Alejandro Las Heras.\u00a0<\/p>\n\n\n\n<hr class=\"wp-block-separator aligncenter has-alpha-channel-opacity\"\/>\n\n\n\n<p>El<strong> Museo D\u00e1maso Arce<\/strong> invita al p\u00fablico a la <strong>tercera ponencia en el marco del ciclo de charlas por el mes belgraniano,<\/strong> que re\u00fane a los integrantes de la <strong>Asociaci\u00f3n Cultural Belgraniana<\/strong> de Olavarr\u00eda con el MDA.<\/p>\n\n\n\n<p><\/p>\n\n\n\n<blockquote class=\"wp-block-quote is-layout-flow wp-block-quote-is-layout-flow\">\n<p>La actividad ser\u00e1 este viernes 20 de junio a las 19 horas, oportunidad en la que se abordar\u00e1 el tema: \u201cBelgrano, el bravo Manuel, una mente brillante\u201d, a cargo del disertante y Licenciado Mariano Alejandro Las Heras.&nbsp;<\/p>\n<\/blockquote>\n\n\n\n<p><\/p>\n\n\n\n<p><strong><em>\u201cEl bravo Manuel, una mente brillante<\/em><\/strong>\u201d es una<strong> obra de 200 p\u00e1ginas<\/strong> que se adentra con <strong>profundidad y calidez en la figura de Manuel Belgran<\/strong>o, revel\u00e1ndose como el primer gran educador del R\u00edo de la Plata.&nbsp;<\/p>\n\n\n\n<p><\/p>\n\n\n\n<p>A diferencia de los relatos centrados en su rol militar o pol\u00edtico, este libro ilumina su <strong>legado intelectual y pedag\u00f3gico<\/strong>, destacando su fe en el poder transformador del conocimiento y la educaci\u00f3n.&nbsp;<\/p>\n\n\n\n<p><\/p>\n\n\n\n<p>Desde sus a\u00f1os de formaci\u00f3n en Europa hasta sus d\u00edas m\u00e1s intensos como pr\u00f3cer revolucionario, Belgrano aparece retratado como un hombre adelantado a su tiempo: <strong>defensor de la ense\u00f1anza p\u00fablica, promotor de la educaci\u00f3n femenina y visionario de una sociedad basada en la justicia, el trabajo y la ilustraci\u00f3n.<\/strong> El texto sigue con detalle su pensamiento progresista, su amor por las ciencias, su defensa de la econom\u00eda productiva y su lucha por instaurar escuelas rurales en el interior del pa\u00eds, a\u00fan en plena guerra.&nbsp;<\/p>\n\n\n\n<p><\/p>\n\n\n\n<p>Narrado con una <strong>mirada pedag\u00f3gica constante<\/strong>, el libro muestra a Belgrano como un maestro sin aula, cuya trinchera fue la palabra escrita y su espada, la convicci\u00f3n moral. Sus proyectos para premiar el estudio, su insistencia en educar al pueblo antes que armarlo, y su desvelo por formar ciudadanos \u00e9ticos, lo muestran como un revolucionario que crey\u00f3, ante todo, en la instrucci\u00f3n como semilla de la libertad. \u201cEl bravo Manuel, una mente brillante\u201d es un <strong>homenaje \u00edntimo y documentado que busca devolver a Belgrano el lugar que la historia le debe: el de educador incansable, sembrador de ideas, y mente brillante que so\u00f1\u00f3 con una patria ilustrada, inclusiva y soberana.<\/strong><\/p>\n\n\n\n<p><\/p>\n\n\n\n<blockquote class=\"wp-block-quote is-layout-flow wp-block-quote-is-layout-flow\">\n<p>Al finalizar la charla, que no requiere de inscripci\u00f3n previa, la artista Alma Martinengo ejecutar\u00e1 piezas musicales pertenecientes al per\u00edodo barroco en guitarra cl\u00e1sica, y en el hall del museo habr\u00e1 actividades para los m\u00e1s peque\u00f1os (sector infantil).&nbsp;<\/p>\n<\/blockquote>\n\n\n\n<p><\/p>\n\n\n\n<p>Asimismo, se puede recorrer en sala 2, las obras de los dibujantes expositores y ganadores del <strong>1er Sal\u00f3n Provincial de Artistas \u201cAlberto Salinas\u201d.<\/strong><\/p>\n\n\n\n<p><\/p>\n\n\n\n<p class=\"has-medium-font-size\"><br><strong>Sobre el disertante<\/strong><\/p>\n\n\n\n<p><\/p>\n\n\n\n<p>Su autor, Mariano Alejandro Las Heras, es Licenciado en Tecnolog\u00edas Digitales para la Informaci\u00f3n. Es Investigador por la Biblioteca Nacional Mariano Moreno de Caba. Posee una Maestr\u00eda en Investigaci\u00f3n cient\u00edfica en la UNLA y se encuentra cursando actualmente la Licenciatura en Tecnolog\u00edas para la Educaci\u00f3n Digital de la Universidad Nacional de Lan\u00fas en Bs. As.&nbsp; <\/p>\n\n\n\n<p><\/p>\n\n\n\n<p>Ha participado de la presentaci\u00f3n del Libro \u201cJuan Gregorio de Las Heras, el Le\u00f3n de los Andes\u201d, en el Museo Hist\u00f3rico Nacional, el libro \u201cEl Patriota G\u00fcemes, Gaucho Infernal\u201d en la Unidad Acad\u00e9mica de Posgrado, Gendarmer\u00eda Nacional, las \u201cLas Bibliotecas del Gral. San Martin\u201d en la Facultad UCES de Caba, el libro \u201cMariano Moreno, el Arquitecto de la Revoluci\u00f3n\u201d.&nbsp;<\/p>\n\n\n\n<p><\/p>\n\n\n\n<p>Tambi\u00e9n ha participado como Jurado Internacional en el Ayuntamiento de Cervatos de la Cueza, Espa\u00f1a, en el Concurso Literario sobre \u201cSan Martin\u201d y ha brindado diversas charlas online sobre el Libro \u201cLas Bibliotecas del Gral. San Martin&#8221;. <\/p>\n\n\n\n<p><\/p>\n\n\n\n<p>Su experiencia profesional incluye la Fuerza A\u00e9rea Argentina, y la Divisi\u00f3n Sistemas de las L\u00edneas A\u00e9reas del Estado. Actualmente dicta las c\u00e1tedras \u201cCibercrimen y delitos inform\u00e1ticos\u201d de la Escuela de Polic\u00eda \u201cJuan Vucetich\u201d de La Matanza, y \u201cRedes y protocolos de datos\u201d en la Universidad de Ciencias Empresariales y Sociales.<\/p>\n","protected":false},"excerpt":{"rendered":"<p>El ciclo contin\u00faa este viernes 20 a las 19. Se abordar\u00e1 el tema: \u201cBelgrano, el bravo Manuel, una mente brillante\u201d,<\/p>\n","protected":false},"author":6,"featured_media":50370,"comment_status":"closed","ping_status":"closed","sticky":false,"template":"","format":"standard","meta":{"_jetpack_memberships_contains_paid_content":false,"footnotes":""},"categories":[9,1],"tags":[],"class_list":["post-174455","post","type-post","status-publish","format-standard","has-post-thumbnail","hentry","category-cultura","category-portada"],"jetpack_featured_media_url":"https:\/\/i0.wp.com\/cdnoticias.com\/wp-content\/uploads\/2022\/03\/Museo-Damaso-Arce-Drone.jpg?fit=800%2C445&ssl=1","jetpack_sharing_enabled":true,"_links":{"self":[{"href":"https:\/\/cdnoticias.com\/index.php\/wp-json\/wp\/v2\/posts\/174455","targetHints":{"allow":["GET"]}}],"collection":[{"href":"https:\/\/cdnoticias.com\/index.php\/wp-json\/wp\/v2\/posts"}],"about":[{"href":"https:\/\/cdnoticias.com\/index.php\/wp-json\/wp\/v2\/types\/post"}],"author":[{"embeddable":true,"href":"https:\/\/cdnoticias.com\/index.php\/wp-json\/wp\/v2\/users\/6"}],"replies":[{"embeddable":true,"href":"https:\/\/cdnoticias.com\/index.php\/wp-json\/wp\/v2\/comments?post=174455"}],"version-history":[{"count":0,"href":"https:\/\/cdnoticias.com\/index.php\/wp-json\/wp\/v2\/posts\/174455\/revisions"}],"wp:featuredmedia":[{"embeddable":true,"href":"https:\/\/cdnoticias.com\/index.php\/wp-json\/wp\/v2\/media\/50370"}],"wp:attachment":[{"href":"https:\/\/cdnoticias.com\/index.php\/wp-json\/wp\/v2\/media?parent=174455"}],"wp:term":[{"taxonomy":"category","embeddable":true,"href":"https:\/\/cdnoticias.com\/index.php\/wp-json\/wp\/v2\/categories?post=174455"},{"taxonomy":"post_tag","embeddable":true,"href":"https:\/\/cdnoticias.com\/index.php\/wp-json\/wp\/v2\/tags?post=174455"}],"curies":[{"name":"wp","href":"https:\/\/api.w.org\/{rel}","templated":true}]}}