{"id":174452,"date":"2025-06-18T16:09:26","date_gmt":"2025-06-18T19:09:26","guid":{"rendered":"https:\/\/cdnoticias.com\/?p=174452"},"modified":"2025-06-18T16:09:28","modified_gmt":"2025-06-18T19:09:28","slug":"este-viernes-caminatas-patrimoniales-en-conmemoracion-a-belgrano","status":"publish","type":"post","link":"https:\/\/cdnoticias.com\/index.php\/2025\/06\/18\/este-viernes-caminatas-patrimoniales-en-conmemoracion-a-belgrano\/","title":{"rendered":"Este viernes, Caminatas Patrimoniales en conmemoraci\u00f3n a Belgrano"},"content":{"rendered":"\n<p>La actividad ser\u00e1 a partir de las 14:30 horas con punto de partida desde el Monumento a San Mart\u00edn, ubicado en Plaza Aguado.<\/p>\n\n\n\n<hr class=\"wp-block-separator aligncenter has-alpha-channel-opacity\"\/>\n\n\n\n<p>Desde la Direcci\u00f3n de Patrimonio Cultural, junto a la Coordinaci\u00f3n de Turismo, se invita a participar de una<strong> nueva propuesta enmarcada en el Mes Belgraniano<\/strong> y el programa de <strong>\u201cCaminatas Patrimoniales\u201d,<\/strong> que ofrecen<strong> recorridos tur\u00edstico culturales <\/strong>por diferentes espacios del partido de Olavarr\u00eda.<\/p>\n\n\n\n<p><\/p>\n\n\n\n<p>En esta oportunidad se trata de una jornada de<strong> paseo-caminata guiada, partiendo desde el Parque Mitre, para finalizar con una jornada especial en el Museo Municipal D\u00e1maso Arce.<\/strong><\/p>\n\n\n\n<p><\/p>\n\n\n\n<blockquote class=\"wp-block-quote is-layout-flow wp-block-quote-is-layout-flow\">\n<p>En el transcurso del recorrido se visitar\u00e1 la Plaza Manuel Belgrano, donde se contar\u00e1 con una disertaci\u00f3n especial a cargo de Rito Germ\u00e1n L\u00f3pez, presidente de la Asociaci\u00f3n Cultural Belgraniana de Olavarr\u00eda.<\/p>\n<\/blockquote>\n\n\n\n<p><\/p>\n\n\n\n<p>La actividad ser\u00e1 el pr\u00f3ximo <strong>viernes 20 de junio, a partir de las 14:30 horas con punto de partida desde el Monumento a San Mart\u00edn <\/strong>(Brown y V\u00e9lez Sarsfield), ubicado en <strong>Plaza Aguado.<\/strong><\/p>\n\n\n\n<p><\/p>\n\n\n\n<blockquote class=\"wp-block-quote is-layout-flow wp-block-quote-is-layout-flow\">\n<p>El recorrido tendr\u00e1 una duraci\u00f3n de dos horas. El nivel de dificultad es bajo teniendo en cuenta que es una salida familiar, donde se visitar\u00e1n distintos puntos de inter\u00e9s tur\u00edsticos.<\/p>\n<\/blockquote>\n\n\n\n<p><\/p>\n\n\n\n<p>Dicha propuesta tiene <strong>cupo para 30 personas.<\/strong> Aquellas personas interesadas en participar, podr\u00e1n inscribirse de manera online, a trav\u00e9s del <a href=\"https:\/\/docs.google.com\/forms\/d\/e\/1FAIpQLScRjsBDrqsUvGBFpvcaATdWSvvlyvn8HHN08aFelotGcziVtQ\/viewform\" target=\"_blank\" rel=\"noreferrer noopener\">siguiente formulario<\/a>. <strong>La propuesta es totalmente gratuita.<\/strong><\/p>\n\n\n\n<p><\/p>\n\n\n\n<p>Cabe destacar que este tipo de propuestas <strong>tienen como finalidad que los olavarrienses y visitantes descubran y conozcan mejor la ciudad<\/strong>, puedan disfrutar el paisaje, adentrarse en las historias del lugar y muchos m\u00e1s.<\/p>\n\n\n\n<p><\/p>\n","protected":false},"excerpt":{"rendered":"<p>La actividad ser\u00e1 a partir de las 14:30 horas con punto de partida desde el Monumento a San Mart\u00edn, ubicado<\/p>\n","protected":false},"author":6,"featured_media":174453,"comment_status":"closed","ping_status":"closed","sticky":false,"template":"","format":"standard","meta":{"_jetpack_memberships_contains_paid_content":false,"footnotes":""},"categories":[5,1],"tags":[],"class_list":["post-174452","post","type-post","status-publish","format-standard","has-post-thumbnail","hentry","category-informacion-general","category-portada"],"jetpack_featured_media_url":"https:\/\/i0.wp.com\/cdnoticias.com\/wp-content\/uploads\/2025\/06\/caminata-patrimonial.jpg?fit=900%2C599&ssl=1","jetpack_sharing_enabled":true,"_links":{"self":[{"href":"https:\/\/cdnoticias.com\/index.php\/wp-json\/wp\/v2\/posts\/174452","targetHints":{"allow":["GET"]}}],"collection":[{"href":"https:\/\/cdnoticias.com\/index.php\/wp-json\/wp\/v2\/posts"}],"about":[{"href":"https:\/\/cdnoticias.com\/index.php\/wp-json\/wp\/v2\/types\/post"}],"author":[{"embeddable":true,"href":"https:\/\/cdnoticias.com\/index.php\/wp-json\/wp\/v2\/users\/6"}],"replies":[{"embeddable":true,"href":"https:\/\/cdnoticias.com\/index.php\/wp-json\/wp\/v2\/comments?post=174452"}],"version-history":[{"count":0,"href":"https:\/\/cdnoticias.com\/index.php\/wp-json\/wp\/v2\/posts\/174452\/revisions"}],"wp:featuredmedia":[{"embeddable":true,"href":"https:\/\/cdnoticias.com\/index.php\/wp-json\/wp\/v2\/media\/174453"}],"wp:attachment":[{"href":"https:\/\/cdnoticias.com\/index.php\/wp-json\/wp\/v2\/media?parent=174452"}],"wp:term":[{"taxonomy":"category","embeddable":true,"href":"https:\/\/cdnoticias.com\/index.php\/wp-json\/wp\/v2\/categories?post=174452"},{"taxonomy":"post_tag","embeddable":true,"href":"https:\/\/cdnoticias.com\/index.php\/wp-json\/wp\/v2\/tags?post=174452"}],"curies":[{"name":"wp","href":"https:\/\/api.w.org\/{rel}","templated":true}]}}