{"id":174450,"date":"2025-06-18T09:33:58","date_gmt":"2025-06-18T12:33:58","guid":{"rendered":"https:\/\/cdnoticias.com\/?p=174450"},"modified":"2025-06-18T09:38:49","modified_gmt":"2025-06-18T12:38:49","slug":"este-jueves-barrio-por-barrio-llega-a-loma-negra","status":"publish","type":"post","link":"https:\/\/cdnoticias.com\/index.php\/2025\/06\/18\/este-jueves-barrio-por-barrio-llega-a-loma-negra\/","title":{"rendered":"Este jueves, \u201cBarrio por Barrio\u201d llega a Loma Negra"},"content":{"rendered":"\n<p>El punto de encuentro ser\u00e1 la Delegaci\u00f3n Municipal a partir de las 9 horas.&nbsp;<\/p>\n\n\n\n<hr class=\"wp-block-separator aligncenter has-alpha-channel-opacity\"\/>\n\n\n\n<p>Este <strong>jueves<\/strong> se llevar\u00e1 a cabo una <strong>nueva edici\u00f3n de \u201cBarrio por Barrio\u201d<\/strong>, el Programa de <strong>abordaje territorial <\/strong>que todas las semanas recorre distintos puntos del Partido de Olavarr\u00eda.&nbsp;<\/p>\n\n\n\n<p><\/p>\n\n\n\n<blockquote class=\"wp-block-quote is-layout-flow wp-block-quote-is-layout-flow\">\n<p>El objetivo es acercar a la comunidad la posibilidad de acceder a diversos tr\u00e1mites que son gestionados por la comuna y, a la par, respuestas concretas en materia de alumbrado, espacios p\u00fablicos, mantenimiento urbano y m\u00e1s.<\/p>\n<\/blockquote>\n\n\n\n<p><\/p>\n\n\n\n<p>La nueva jornada <strong>ser\u00e1 en Loma Negra, con punto de encuentro en la Delegaci\u00f3n Municipal a partir de las 9 horas. <\/strong>All\u00ed se dispondr\u00e1n diferentes puntos de atenci\u00f3n para que la comunidad pueda acercarse a evacuar inquietudes y realizar diversos tr\u00e1mites.\u00a0<\/p>\n\n\n\n<p><\/p>\n\n\n\n<p>Se ofrecer\u00e1 un<strong> puesto de vacunaci\u00f3n<\/strong> (antigripal, ingreso escolar, adultos mayores, adolescentes, mujeres embarazadas y ni\u00f1os\/as) a cargo del equipo de <strong>Atenci\u00f3n Primaria de la Salud, <\/strong>que tambi\u00e9n ofrecer\u00e1 asesoramiento m\u00e9dico.<\/p>\n\n\n\n<p><\/p>\n\n\n\n<p>Asimismo, tambi\u00e9n estar\u00e1 presente personal de <strong>Defensa al Consumidor y Relaciones Vecinales, <\/strong>as\u00ed como tambi\u00e9n de<strong> Casa de Tierras y Regularizaci\u00f3n Dominial, <\/strong>quienes brindar\u00e1n atenci\u00f3n personalizada.&nbsp;<\/p>\n\n\n\n<p><\/p>\n\n\n\n<p>Como en otras oportunidades, se ofrecer\u00e1 asesoramiento sobre programas de <strong>Desarrollo Social<\/strong> e inscripciones a <strong>Maternales, Centros de D\u00eda, Envi\u00f3n y Callejeadas.<\/strong><\/p>\n\n\n\n<p><\/p>\n\n\n\n<p>&nbsp;A la par, desde la <strong>Direcci\u00f3n de Veterinaria <\/strong>se dispondr\u00e1 un puesto para la aplicaci\u00f3n de <strong>vacunas antirr\u00e1bicas para caninos y felinos<\/strong>, de manera totalmente gratuita, por orden de llegada.<\/p>\n\n\n\n<p><\/p>\n\n\n\n<p>Por \u00faltimo, vale mencionar que tambi\u00e9n se contar\u00e1 con la colaboraci\u00f3n de empresas que brindan servicios para el Municipio, como<strong> Coopelectric y Transportes Malvinas, <\/strong>para brindar una respuesta integral.<\/p>\n\n\n\n<p><\/p>\n","protected":false},"excerpt":{"rendered":"<p>El punto de encuentro ser\u00e1 la Delegaci\u00f3n Municipal a partir de las 9 horas.&nbsp; Este jueves se llevar\u00e1 a cabo<\/p>\n","protected":false},"author":6,"featured_media":169397,"comment_status":"closed","ping_status":"closed","sticky":false,"template":"","format":"standard","meta":{"_jetpack_memberships_contains_paid_content":false,"footnotes":""},"categories":[5,1],"tags":[],"class_list":["post-174450","post","type-post","status-publish","format-standard","has-post-thumbnail","hentry","category-informacion-general","category-portada"],"jetpack_featured_media_url":"https:\/\/i0.wp.com\/cdnoticias.com\/wp-content\/uploads\/2025\/04\/barrio-por-barrio-hinojo-colonia-hinojo1.png?fit=881%2C523&ssl=1","jetpack_sharing_enabled":true,"_links":{"self":[{"href":"https:\/\/cdnoticias.com\/index.php\/wp-json\/wp\/v2\/posts\/174450","targetHints":{"allow":["GET"]}}],"collection":[{"href":"https:\/\/cdnoticias.com\/index.php\/wp-json\/wp\/v2\/posts"}],"about":[{"href":"https:\/\/cdnoticias.com\/index.php\/wp-json\/wp\/v2\/types\/post"}],"author":[{"embeddable":true,"href":"https:\/\/cdnoticias.com\/index.php\/wp-json\/wp\/v2\/users\/6"}],"replies":[{"embeddable":true,"href":"https:\/\/cdnoticias.com\/index.php\/wp-json\/wp\/v2\/comments?post=174450"}],"version-history":[{"count":0,"href":"https:\/\/cdnoticias.com\/index.php\/wp-json\/wp\/v2\/posts\/174450\/revisions"}],"wp:featuredmedia":[{"embeddable":true,"href":"https:\/\/cdnoticias.com\/index.php\/wp-json\/wp\/v2\/media\/169397"}],"wp:attachment":[{"href":"https:\/\/cdnoticias.com\/index.php\/wp-json\/wp\/v2\/media?parent=174450"}],"wp:term":[{"taxonomy":"category","embeddable":true,"href":"https:\/\/cdnoticias.com\/index.php\/wp-json\/wp\/v2\/categories?post=174450"},{"taxonomy":"post_tag","embeddable":true,"href":"https:\/\/cdnoticias.com\/index.php\/wp-json\/wp\/v2\/tags?post=174450"}],"curies":[{"name":"wp","href":"https:\/\/api.w.org\/{rel}","templated":true}]}}