{"id":174448,"date":"2025-06-17T18:00:39","date_gmt":"2025-06-17T21:00:39","guid":{"rendered":"https:\/\/cdnoticias.com\/?p=174448"},"modified":"2025-06-17T18:00:41","modified_gmt":"2025-06-17T21:00:41","slug":"licencias-de-conducir-atendera-este-jueves-en-hinojo","status":"publish","type":"post","link":"https:\/\/cdnoticias.com\/index.php\/2025\/06\/17\/licencias-de-conducir-atendera-este-jueves-en-hinojo\/","title":{"rendered":"Licencias de Conducir atender\u00e1 este jueves en Hinojo"},"content":{"rendered":"\n<p>La jornada se iniciar\u00e1 a partir de las 8:30 horas con modalidad de atenci\u00f3n por orden de llegada y sin turno previo.<\/p>\n\n\n\n<hr class=\"wp-block-separator aligncenter has-alpha-channel-opacity\"\/>\n\n\n\n<p>La<strong> Direcci\u00f3n de Licencias de Conducir <\/strong>contin\u00faa con su <strong>operativo de atenci\u00f3n descentralizada, <\/strong>con el objetivo de acercar a la comunidad de las localidades del Partido de Olavarr\u00eda la posibilidad de realizar diversas gestiones cerca de su domicilio.<\/p>\n\n\n\n<p><\/p>\n\n\n\n<p>En ese marco, este<strong> jueves 19 de junio<\/strong> volver\u00e1n a disponer un espacio de atenci\u00f3n en la <strong>Delegaci\u00f3n Municipal de Hinojo<\/strong>, por lo que se invita a acercarse vecinos y vecinas de la localidad y sectores aleda\u00f1os.<\/p>\n\n\n\n<p><\/p>\n\n\n\n<blockquote class=\"wp-block-quote is-layout-flow wp-block-quote-is-layout-flow\">\n<p>La jornada se iniciar\u00e1 a partir de las 8:30 horas con modalidad de atenci\u00f3n por orden de llegada y sin turno previo.\u00a0<\/p>\n<\/blockquote>\n\n\n\n<p><\/p>\n\n\n\n<p>Cabe aclarar que aquellas personas que se acerquen podr\u00e1n realizar los tr\u00e1mites de obtenci\u00f3n de la <strong>Licencia de Conducir, <\/strong>ya sea por <strong>primera vez o renovaci\u00f3n, <\/strong>como as\u00ed tambi\u00e9n la posibilidad de<strong> evacuar cualquier tipo de consulta.<\/strong><\/p>\n\n\n\n<p><\/p>\n\n\n\n<p>El dato a tener en cuenta es que, una vez culminado el tr\u00e1mite,<strong> la licencia podr\u00e1 ser retirada posteriormente en la Delegaci\u00f3n <\/strong>a partir del trabajo articulado entre las delegaciones municipales y la Direcci\u00f3n de Licencias de Conducir.<\/p>\n\n\n\n<p><\/p>\n","protected":false},"excerpt":{"rendered":"<p>La jornada se iniciar\u00e1 a partir de las 8:30 horas con modalidad de atenci\u00f3n por orden de llegada y sin<\/p>\n","protected":false},"author":6,"featured_media":168171,"comment_status":"closed","ping_status":"closed","sticky":false,"template":"","format":"standard","meta":{"_jetpack_memberships_contains_paid_content":false,"footnotes":""},"categories":[5,1],"tags":[],"class_list":["post-174448","post","type-post","status-publish","format-standard","has-post-thumbnail","hentry","category-informacion-general","category-portada"],"jetpack_featured_media_url":"https:\/\/i0.wp.com\/cdnoticias.com\/wp-content\/uploads\/2025\/04\/licencias-de-conducir-hinojo.jpg?fit=900%2C590&ssl=1","jetpack_sharing_enabled":true,"_links":{"self":[{"href":"https:\/\/cdnoticias.com\/index.php\/wp-json\/wp\/v2\/posts\/174448","targetHints":{"allow":["GET"]}}],"collection":[{"href":"https:\/\/cdnoticias.com\/index.php\/wp-json\/wp\/v2\/posts"}],"about":[{"href":"https:\/\/cdnoticias.com\/index.php\/wp-json\/wp\/v2\/types\/post"}],"author":[{"embeddable":true,"href":"https:\/\/cdnoticias.com\/index.php\/wp-json\/wp\/v2\/users\/6"}],"replies":[{"embeddable":true,"href":"https:\/\/cdnoticias.com\/index.php\/wp-json\/wp\/v2\/comments?post=174448"}],"version-history":[{"count":0,"href":"https:\/\/cdnoticias.com\/index.php\/wp-json\/wp\/v2\/posts\/174448\/revisions"}],"wp:featuredmedia":[{"embeddable":true,"href":"https:\/\/cdnoticias.com\/index.php\/wp-json\/wp\/v2\/media\/168171"}],"wp:attachment":[{"href":"https:\/\/cdnoticias.com\/index.php\/wp-json\/wp\/v2\/media?parent=174448"}],"wp:term":[{"taxonomy":"category","embeddable":true,"href":"https:\/\/cdnoticias.com\/index.php\/wp-json\/wp\/v2\/categories?post=174448"},{"taxonomy":"post_tag","embeddable":true,"href":"https:\/\/cdnoticias.com\/index.php\/wp-json\/wp\/v2\/tags?post=174448"}],"curies":[{"name":"wp","href":"https:\/\/api.w.org\/{rel}","templated":true}]}}