{"id":174418,"date":"2025-06-17T12:07:09","date_gmt":"2025-06-17T15:07:09","guid":{"rendered":"https:\/\/cdnoticias.com\/?p=174418"},"modified":"2025-06-17T12:07:12","modified_gmt":"2025-06-17T15:07:12","slug":"jornada-en-sierra-chica-escuela-como-territorio-de-paz","status":"publish","type":"post","link":"https:\/\/cdnoticias.com\/index.php\/2025\/06\/17\/jornada-en-sierra-chica-escuela-como-territorio-de-paz\/","title":{"rendered":"Jornada en Sierra Chica: \u201cEscuela como territorio de paz\u201d"},"content":{"rendered":"<p>Ser\u00e1 este mi\u00e9rcoles desde las 13 en el Club Sierra Chica. Es una iniciativa abierta a toda la comunidad.<!--more--><\/p>\n<hr \/>\n<p>Se anunci\u00f3 la<strong> jornada en Sierra Chica \u201cEscuela como territorio de paz\u201d<\/strong> a realizarse este <strong>mi\u00e9rcoles de 13 a 15<\/strong>.<\/p>\n<p><strong>En el Club Sierra Chica<\/strong> habr\u00e1 yoga, m\u00fasica, pl\u00e1stica, mateada y recreaci\u00f3n en una propuesta abierta a toda la comunidad. Se recomend\u00f3 llevar equipo de mate y mantita.<\/p>\n<p>Organizan la <em>Escuela Secundaria N\u00ba 17, Escuelas Primarias N\u00ba 2 y N\u00ba 13, Club Sierra Chica, CEF 100 y la Escuela Superior de Yoga del Cord\u00f3n Serrano<\/em>.<\/p>\n","protected":false},"excerpt":{"rendered":"<p>Ser\u00e1 este mi\u00e9rcoles desde las 13 en el Club Sierra Chica. Es una iniciativa abierta a toda la comunidad.<\/p>\n","protected":false},"author":4,"featured_media":174419,"comment_status":"closed","ping_status":"closed","sticky":false,"template":"","format":"standard","meta":{"_jetpack_memberships_contains_paid_content":false,"footnotes":""},"categories":[9,1],"tags":[],"class_list":["post-174418","post","type-post","status-publish","format-standard","has-post-thumbnail","hentry","category-cultura","category-portada"],"jetpack_featured_media_url":"https:\/\/i0.wp.com\/cdnoticias.com\/wp-content\/uploads\/2025\/06\/escuela-sierra-chica.jpg?fit=800%2C444&ssl=1","jetpack_sharing_enabled":true,"_links":{"self":[{"href":"https:\/\/cdnoticias.com\/index.php\/wp-json\/wp\/v2\/posts\/174418","targetHints":{"allow":["GET"]}}],"collection":[{"href":"https:\/\/cdnoticias.com\/index.php\/wp-json\/wp\/v2\/posts"}],"about":[{"href":"https:\/\/cdnoticias.com\/index.php\/wp-json\/wp\/v2\/types\/post"}],"author":[{"embeddable":true,"href":"https:\/\/cdnoticias.com\/index.php\/wp-json\/wp\/v2\/users\/4"}],"replies":[{"embeddable":true,"href":"https:\/\/cdnoticias.com\/index.php\/wp-json\/wp\/v2\/comments?post=174418"}],"version-history":[{"count":0,"href":"https:\/\/cdnoticias.com\/index.php\/wp-json\/wp\/v2\/posts\/174418\/revisions"}],"wp:featuredmedia":[{"embeddable":true,"href":"https:\/\/cdnoticias.com\/index.php\/wp-json\/wp\/v2\/media\/174419"}],"wp:attachment":[{"href":"https:\/\/cdnoticias.com\/index.php\/wp-json\/wp\/v2\/media?parent=174418"}],"wp:term":[{"taxonomy":"category","embeddable":true,"href":"https:\/\/cdnoticias.com\/index.php\/wp-json\/wp\/v2\/categories?post=174418"},{"taxonomy":"post_tag","embeddable":true,"href":"https:\/\/cdnoticias.com\/index.php\/wp-json\/wp\/v2\/tags?post=174418"}],"curies":[{"name":"wp","href":"https:\/\/api.w.org\/{rel}","templated":true}]}}