{"id":174416,"date":"2025-06-17T11:37:54","date_gmt":"2025-06-17T14:37:54","guid":{"rendered":"https:\/\/cdnoticias.com\/?p=174416"},"modified":"2025-06-17T16:29:04","modified_gmt":"2025-06-17T19:29:04","slug":"condena-a-cristina-fernandez-el-sindicato-de-municipales-de-olavarria-adhiere-al-paro-del-miercoles","status":"publish","type":"post","link":"https:\/\/cdnoticias.com\/index.php\/2025\/06\/17\/condena-a-cristina-fernandez-el-sindicato-de-municipales-de-olavarria-adhiere-al-paro-del-miercoles\/","title":{"rendered":"Condena a Cristina Fern\u00e1ndez: el Sindicato de Municipales de Olavarr\u00eda adhiere al paro del mi\u00e9rcoles"},"content":{"rendered":"<p>Se trata de la medida de fuerza convocada por Fesimubo y la Confederaci\u00f3n de Trabajadores Municipales. \u201cEstamos donde tenemos que estar\u201d expres\u00f3 la entidad local.<\/p>\n<p><!--more--><\/p>\n<hr \/>\n<p>En el marco de las <strong>medidas de protesta y rechazo<\/strong> a la <strong>confirmaci\u00f3n de condena a la ex presidenta,<\/strong> Cristina Fern\u00e1ndez, el<strong> Sindicato de Trabajadores Municipales de Olavarr\u00eda (STMO) inform\u00f3 su adhesi\u00f3n al paro del mi\u00e9rcoles<\/strong>.<\/p>\n<blockquote><p>\u201cLa comisi\u00f3n directiva del STMO comunica a todos sus afiliados y afiliadas que adhiere al paro del d\u00eda mi\u00e9rcoles 18 de junio, convocado por la Federaci\u00f3n de Sindicatos Municipales Bonaerenses (Fesimubo) y por la Confederaci\u00f3n de Trabajadores Municipales de la Rep\u00fablica Argentina (CTM Argentina)\u201d se indic\u00f3 en un comunicado.<\/p><\/blockquote>\n<p>\u201cEn momentos donde <strong>las reglas democr\u00e1ticas se ponen en juego y la persecuci\u00f3n pol\u00edtica recrudece<\/strong>, <strong>estamos donde tenemos que estar<\/strong> y adherimos a la medida de protesta junto al resto de los compa\u00f1eros y las compa\u00f1eras municipales de la Rep\u00fablica Argentina\u201d defini\u00f3 el STMO.<\/p>\n","protected":false},"excerpt":{"rendered":"<p>Se trata de la medida de fuerza convocada por Fesimubo y la Confederaci\u00f3n de Trabajadores Municipales. \u201cEstamos donde tenemos que<\/p>\n","protected":false},"author":4,"featured_media":107113,"comment_status":"closed","ping_status":"closed","sticky":false,"template":"","format":"standard","meta":{"_jetpack_memberships_contains_paid_content":false,"footnotes":""},"categories":[4,1],"tags":[],"class_list":["post-174416","post","type-post","status-publish","format-standard","has-post-thumbnail","hentry","category-politica","category-portada"],"jetpack_featured_media_url":"https:\/\/i0.wp.com\/cdnoticias.com\/wp-content\/uploads\/2024\/01\/sindicato-de-municipales-STMO-0.jpg?fit=1200%2C667&ssl=1","jetpack_sharing_enabled":true,"_links":{"self":[{"href":"https:\/\/cdnoticias.com\/index.php\/wp-json\/wp\/v2\/posts\/174416","targetHints":{"allow":["GET"]}}],"collection":[{"href":"https:\/\/cdnoticias.com\/index.php\/wp-json\/wp\/v2\/posts"}],"about":[{"href":"https:\/\/cdnoticias.com\/index.php\/wp-json\/wp\/v2\/types\/post"}],"author":[{"embeddable":true,"href":"https:\/\/cdnoticias.com\/index.php\/wp-json\/wp\/v2\/users\/4"}],"replies":[{"embeddable":true,"href":"https:\/\/cdnoticias.com\/index.php\/wp-json\/wp\/v2\/comments?post=174416"}],"version-history":[{"count":0,"href":"https:\/\/cdnoticias.com\/index.php\/wp-json\/wp\/v2\/posts\/174416\/revisions"}],"wp:featuredmedia":[{"embeddable":true,"href":"https:\/\/cdnoticias.com\/index.php\/wp-json\/wp\/v2\/media\/107113"}],"wp:attachment":[{"href":"https:\/\/cdnoticias.com\/index.php\/wp-json\/wp\/v2\/media?parent=174416"}],"wp:term":[{"taxonomy":"category","embeddable":true,"href":"https:\/\/cdnoticias.com\/index.php\/wp-json\/wp\/v2\/categories?post=174416"},{"taxonomy":"post_tag","embeddable":true,"href":"https:\/\/cdnoticias.com\/index.php\/wp-json\/wp\/v2\/tags?post=174416"}],"curies":[{"name":"wp","href":"https:\/\/api.w.org\/{rel}","templated":true}]}}