{"id":174413,"date":"2025-06-18T08:08:46","date_gmt":"2025-06-18T11:08:46","guid":{"rendered":"https:\/\/cdnoticias.com\/?p=174413"},"modified":"2025-06-18T08:08:48","modified_gmt":"2025-06-18T11:08:48","slug":"lalcec-realizara-la-campana-de-control-de-prostata","status":"publish","type":"post","link":"https:\/\/cdnoticias.com\/index.php\/2025\/06\/18\/lalcec-realizara-la-campana-de-control-de-prostata\/","title":{"rendered":"Lalcec realizar\u00e1 la campa\u00f1a de control de pr\u00f3stata"},"content":{"rendered":"<p>Del 23 al 27 de junio se har\u00e1n chequeos a pacientes desde 50 a\u00f1os o con antecedentes familiares. La atenci\u00f3n es gratuita. C\u00f3mo sacar turnos.<!--more--><\/p>\n<hr \/>\n<p><strong>Lalcec<\/strong> realizar\u00e1 la <strong>semana pr\u00f3xima<\/strong> la <strong>campa\u00f1a libre y gratuita de control de pr\u00f3stata<\/strong>.<\/p>\n<p>Las consultas se recomiendan a los<strong> pacientes mayores de 50 a\u00f1os<\/strong> o a partir de los<strong> 45 a\u00f1os para quienes tengan antecedentes familiares<\/strong>. Se recibe a personas de toda la comunidad, con o sin obra social.<\/p>\n<blockquote><p>Tendr\u00e1n lugar en los consultorios de Lalcec, Mitre 2659. Los turnos pueden solicitarse de martes a jueves de 9 a 11 llamando al 428280.<\/p><\/blockquote>\n<p>La atenci\u00f3n ser\u00e1 brindada por los <em>m\u00e9dicos Carlos Navarro, Gisella Bonini, An\u00edbal Copini y Fabi\u00e1n Petrone<\/em>.<\/p>\n","protected":false},"excerpt":{"rendered":"<p>Del 23 al 27 de junio se har\u00e1n chequeos a pacientes desde 50 a\u00f1os o con antecedentes familiares. La atenci\u00f3n<\/p>\n","protected":false},"author":4,"featured_media":130147,"comment_status":"closed","ping_status":"closed","sticky":false,"template":"","format":"standard","meta":{"_jetpack_memberships_contains_paid_content":false,"footnotes":""},"categories":[5,1],"tags":[],"class_list":["post-174413","post","type-post","status-publish","format-standard","has-post-thumbnail","hentry","category-informacion-general","category-portada"],"jetpack_featured_media_url":"https:\/\/i0.wp.com\/cdnoticias.com\/wp-content\/uploads\/2024\/11\/lalcec.jpg?fit=800%2C444&ssl=1","jetpack_sharing_enabled":true,"_links":{"self":[{"href":"https:\/\/cdnoticias.com\/index.php\/wp-json\/wp\/v2\/posts\/174413","targetHints":{"allow":["GET"]}}],"collection":[{"href":"https:\/\/cdnoticias.com\/index.php\/wp-json\/wp\/v2\/posts"}],"about":[{"href":"https:\/\/cdnoticias.com\/index.php\/wp-json\/wp\/v2\/types\/post"}],"author":[{"embeddable":true,"href":"https:\/\/cdnoticias.com\/index.php\/wp-json\/wp\/v2\/users\/4"}],"replies":[{"embeddable":true,"href":"https:\/\/cdnoticias.com\/index.php\/wp-json\/wp\/v2\/comments?post=174413"}],"version-history":[{"count":0,"href":"https:\/\/cdnoticias.com\/index.php\/wp-json\/wp\/v2\/posts\/174413\/revisions"}],"wp:featuredmedia":[{"embeddable":true,"href":"https:\/\/cdnoticias.com\/index.php\/wp-json\/wp\/v2\/media\/130147"}],"wp:attachment":[{"href":"https:\/\/cdnoticias.com\/index.php\/wp-json\/wp\/v2\/media?parent=174413"}],"wp:term":[{"taxonomy":"category","embeddable":true,"href":"https:\/\/cdnoticias.com\/index.php\/wp-json\/wp\/v2\/categories?post=174413"},{"taxonomy":"post_tag","embeddable":true,"href":"https:\/\/cdnoticias.com\/index.php\/wp-json\/wp\/v2\/tags?post=174413"}],"curies":[{"name":"wp","href":"https:\/\/api.w.org\/{rel}","templated":true}]}}