{"id":174408,"date":"2025-06-17T10:47:19","date_gmt":"2025-06-17T13:47:19","guid":{"rendered":"https:\/\/cdnoticias.com\/?p=174408"},"modified":"2025-06-17T13:36:28","modified_gmt":"2025-06-17T16:36:28","slug":"dos-vehiculos-chocaron-en-avenida-colon","status":"publish","type":"post","link":"https:\/\/cdnoticias.com\/index.php\/2025\/06\/17\/dos-vehiculos-chocaron-en-avenida-colon\/","title":{"rendered":"Dos veh\u00edculos chocaron en avenida Col\u00f3n"},"content":{"rendered":"\n<p>Fue en la intersecci\u00f3n con Vicente L\u00f3pez. El tr\u00e1nsito debi\u00f3 ser reducido en el sector.<\/p>\n\n\n\n<hr class=\"wp-block-separator has-alpha-channel-opacity\"\/>\n\n\n\n<p>Durante la ma\u00f1ana de este martes<strong> se produjo un accidente en el microcentro<\/strong> de la ciudad.<\/p>\n\n\n\n<p><\/p>\n\n\n\n<p>En la intersecci\u00f3n de<strong> avenida Col\u00f3n y Vicente L\u00f3pez <\/strong>chocaron dos veh\u00edculos.<\/p>\n\n\n\n<p><\/p>\n\n\n\n<figure class=\"wp-block-image size-full\"><img data-recalc-dims=\"1\" loading=\"lazy\" decoding=\"async\" width=\"800\" height=\"445\" src=\"https:\/\/i0.wp.com\/cdnoticias.com\/wp-content\/uploads\/2025\/06\/accidente-colon-lopez-02.png?resize=800%2C445&#038;ssl=1\" alt=\"\" class=\"wp-image-174409\" srcset=\"https:\/\/i0.wp.com\/cdnoticias.com\/wp-content\/uploads\/2025\/06\/accidente-colon-lopez-02.png?w=800&amp;ssl=1 800w, https:\/\/i0.wp.com\/cdnoticias.com\/wp-content\/uploads\/2025\/06\/accidente-colon-lopez-02.png?resize=300%2C167&amp;ssl=1 300w, https:\/\/i0.wp.com\/cdnoticias.com\/wp-content\/uploads\/2025\/06\/accidente-colon-lopez-02.png?resize=768%2C427&amp;ssl=1 768w\" sizes=\"auto, (max-width: 800px) 100vw, 800px\" \/><\/figure>\n\n\n\n<p><\/p>\n\n\n\n<p>Por causas que son materia de investigaci\u00f3n, <strong>el siniestro se produjo entre un auto Peugeot y una camioneta Volkswagen.<\/strong><\/p>\n\n\n\n<p><\/p>\n\n\n\n<p>Personal policial trabaj\u00f3 en el lugar para organizar el tr\u00e1nsito.<\/p>\n","protected":false},"excerpt":{"rendered":"<p>Fue en la intersecci\u00f3n con Vicente L\u00f3pez. El tr\u00e1nsito debi\u00f3 ser reducido en el sector. Durante la ma\u00f1ana de este<\/p>\n","protected":false},"author":5,"featured_media":174410,"comment_status":"closed","ping_status":"closed","sticky":false,"template":"","format":"standard","meta":{"_jetpack_memberships_contains_paid_content":false,"footnotes":""},"categories":[14,1],"tags":[],"class_list":["post-174408","post","type-post","status-publish","format-standard","has-post-thumbnail","hentry","category-policiales","category-portada"],"jetpack_featured_media_url":"https:\/\/i0.wp.com\/cdnoticias.com\/wp-content\/uploads\/2025\/06\/accidente-colon-lopez-01.png?fit=800%2C445&ssl=1","jetpack_sharing_enabled":true,"_links":{"self":[{"href":"https:\/\/cdnoticias.com\/index.php\/wp-json\/wp\/v2\/posts\/174408","targetHints":{"allow":["GET"]}}],"collection":[{"href":"https:\/\/cdnoticias.com\/index.php\/wp-json\/wp\/v2\/posts"}],"about":[{"href":"https:\/\/cdnoticias.com\/index.php\/wp-json\/wp\/v2\/types\/post"}],"author":[{"embeddable":true,"href":"https:\/\/cdnoticias.com\/index.php\/wp-json\/wp\/v2\/users\/5"}],"replies":[{"embeddable":true,"href":"https:\/\/cdnoticias.com\/index.php\/wp-json\/wp\/v2\/comments?post=174408"}],"version-history":[{"count":0,"href":"https:\/\/cdnoticias.com\/index.php\/wp-json\/wp\/v2\/posts\/174408\/revisions"}],"wp:featuredmedia":[{"embeddable":true,"href":"https:\/\/cdnoticias.com\/index.php\/wp-json\/wp\/v2\/media\/174410"}],"wp:attachment":[{"href":"https:\/\/cdnoticias.com\/index.php\/wp-json\/wp\/v2\/media?parent=174408"}],"wp:term":[{"taxonomy":"category","embeddable":true,"href":"https:\/\/cdnoticias.com\/index.php\/wp-json\/wp\/v2\/categories?post=174408"},{"taxonomy":"post_tag","embeddable":true,"href":"https:\/\/cdnoticias.com\/index.php\/wp-json\/wp\/v2\/tags?post=174408"}],"curies":[{"name":"wp","href":"https:\/\/api.w.org\/{rel}","templated":true}]}}