{"id":174400,"date":"2025-06-17T10:03:49","date_gmt":"2025-06-17T13:03:49","guid":{"rendered":"https:\/\/cdnoticias.com\/?p=174400"},"modified":"2025-06-17T11:38:19","modified_gmt":"2025-06-17T14:38:19","slug":"el-gobierno-oficializo-las-reformas-en-la-policia-federal-investigara-solo-delitos-complejos","status":"publish","type":"post","link":"https:\/\/cdnoticias.com\/index.php\/2025\/06\/17\/el-gobierno-oficializo-las-reformas-en-la-policia-federal-investigara-solo-delitos-complejos\/","title":{"rendered":"El Gobierno oficializ\u00f3 las reformas en la Polic\u00eda Federal: investigar\u00e1 solo delitos complejos"},"content":{"rendered":"<p>Dejar\u00e1 de intervenir en la seguridad local de CABA y tendr\u00e1 tambi\u00e9n la misi\u00f3n de investigar delitos federales. As\u00ed lo estableci\u00f3 un decreto publicado en el Bolet\u00edn Oficial.<!--more--><\/p>\n<hr \/>\n<p><strong>El Gobierno nacional oficializ\u00f3 una profunda reforma en la estructura y funciones de la Polic\u00eda Federal Argentina (PFA):<\/strong> su eje pasar\u00e1 a ser la prevenci\u00f3n e investigaci\u00f3n de delitos federales y complejos, y <em>dejar\u00e1 de intervenir en cuestiones de seguridad local en la Ciudad Aut\u00f3noma de Buenos Aires<\/em>. As\u00ed qued\u00f3 establecido en el<strong> Decreto 383\/2025<\/strong>, que fue publicado este martes en el Bolet\u00edn Oficial.<\/p>\n<blockquote><p>Con el FBI de Estados Unidos como espejo, la misi\u00f3n de la fuerza \u201cse reorientar\u00e1 la misi\u00f3n de la instituci\u00f3n hacia una polic\u00eda de investigaci\u00f3n enfocada en cierto tipo de delitos\u201d y colaborar\u00e1 en la desarticulaci\u00f3n de organizaciones criminales.\u00a0Entre los principales puntos que propone la normativa, adem\u00e1s, est\u00e1n \u201cderogar las funciones y atribuciones relacionadas con la seguridad local de la Ciudad Aut\u00f3noma de Buenos Aires\u201d y actualizar la estructura org\u00e1nica de la fuerza, \u201ccon el fin de que sea m\u00e1s eficiente, reducida y pueda responder mejor a su principal misi\u00f3n\u201d.<\/p><\/blockquote>\n<p>Adem\u00e1s, crea un <strong>Programa Presupuestario de \u201cModernizaci\u00f3n de la Polic\u00eda Federal Argentina\u201d<\/strong>, bajo la \u00f3rbita del Ministerio de Seguridad Nacional. Estar\u00e1 destinado a realizar inversiones en bienes y soluciones tecnol\u00f3gicas, y ser\u00e1 financiado con el ahorro derivado de la reducci\u00f3n de la cantidad de ingresantes.<\/p>\n<p>En esa l\u00ednea, el Gobierno consider\u00f3 necesario <strong>modernizar el sistema de ingreso y formaci\u00f3n del personal<\/strong> de la Polic\u00eda Federal, por lo que el Ministerio que conduce Bullrich deber\u00e1<em> crear un programa de ingreso y formaci\u00f3n de universitarios ya graduados<\/em>, una pr\u00e1ctica que, seg\u00fan el texto oficial, \u201ces com\u00fan en polic\u00edas de investigaci\u00f3n de otros pa\u00edses, y en algunos casos es un requisito excluyente, como por ejemplo en el \u2018Federal Bureau of Investigation\u2019 FBI) de los Estados Unidos\u201d.<\/p>\n<p>El Presidente, en definitiva, aprob\u00f3 por decreto el <strong>nuevo estatuto de la Polic\u00eda Federal<\/strong> y el proceso de reforma y modernizaci\u00f3n de la fuerza, estableciendo \u201cobjetivos estrat\u00e9gicos\u201d.<\/p>\n<p>Entre ellos est\u00e1n <strong>\u201cactualizar las facultades y estructura organizativa<\/strong> de la Fuerza para cumplir con su nueva visi\u00f3n y misi\u00f3n; <strong>fortalecer el sistema de recursos humanos<\/strong> con el fin de contar con personal competente, motivado y altamente capacitado; <strong>modernizar protocolos, procesos y mecanismos de articulaci\u00f3n<\/strong>, en particular los referentes a investigaci\u00f3n; y adquirir y utilizar en forma efectiva las <strong>Tecnolog\u00edas de la Informaci\u00f3n y Comunicaci\u00f3n y Tecnolog\u00eda Forense<\/strong>.<\/p>\n<p>La normativa instruy\u00f3 al Ministerio de Seguridad \u201ca establecer un <strong>cronograma respecto de la cantidad m\u00e1xima de suboficiales a incorporar anualmente<\/strong>\u201d, cuyo n\u00famero<em> \u201cno podr\u00e1 superar el de los ya incorporados en el a\u00f1o 2025 y deber\u00e1 ser reducido progresivamente\u201d<\/em>.<\/p>\n<p>Tambi\u00e9n lo inst\u00f3 a \u201caprobar los mecanismos que permitan el <strong>pase del personal del Escalaf\u00f3n de Suboficiales al Escalaf\u00f3n de Oficiales<\/strong>, en tanto su conocimiento, estudios o experiencia as\u00ed lo ameriten\u201d.<\/p>\n<p>Fuente: <em>Agencia DIB<\/em><\/p>\n","protected":false},"excerpt":{"rendered":"<p>Dejar\u00e1 de intervenir en la seguridad local de CABA y tendr\u00e1 tambi\u00e9n la misi\u00f3n de investigar delitos federales. As\u00ed lo<\/p>\n","protected":false},"author":4,"featured_media":174401,"comment_status":"closed","ping_status":"closed","sticky":false,"template":"","format":"standard","meta":{"_jetpack_memberships_contains_paid_content":false,"footnotes":""},"categories":[6,1],"tags":[],"class_list":["post-174400","post","type-post","status-publish","format-standard","has-post-thumbnail","hentry","category-nacionales","category-portada"],"jetpack_featured_media_url":"https:\/\/i0.wp.com\/cdnoticias.com\/wp-content\/uploads\/2025\/06\/Policia-Federal-1.jpg?fit=800%2C451&ssl=1","jetpack_sharing_enabled":true,"_links":{"self":[{"href":"https:\/\/cdnoticias.com\/index.php\/wp-json\/wp\/v2\/posts\/174400","targetHints":{"allow":["GET"]}}],"collection":[{"href":"https:\/\/cdnoticias.com\/index.php\/wp-json\/wp\/v2\/posts"}],"about":[{"href":"https:\/\/cdnoticias.com\/index.php\/wp-json\/wp\/v2\/types\/post"}],"author":[{"embeddable":true,"href":"https:\/\/cdnoticias.com\/index.php\/wp-json\/wp\/v2\/users\/4"}],"replies":[{"embeddable":true,"href":"https:\/\/cdnoticias.com\/index.php\/wp-json\/wp\/v2\/comments?post=174400"}],"version-history":[{"count":0,"href":"https:\/\/cdnoticias.com\/index.php\/wp-json\/wp\/v2\/posts\/174400\/revisions"}],"wp:featuredmedia":[{"embeddable":true,"href":"https:\/\/cdnoticias.com\/index.php\/wp-json\/wp\/v2\/media\/174401"}],"wp:attachment":[{"href":"https:\/\/cdnoticias.com\/index.php\/wp-json\/wp\/v2\/media?parent=174400"}],"wp:term":[{"taxonomy":"category","embeddable":true,"href":"https:\/\/cdnoticias.com\/index.php\/wp-json\/wp\/v2\/categories?post=174400"},{"taxonomy":"post_tag","embeddable":true,"href":"https:\/\/cdnoticias.com\/index.php\/wp-json\/wp\/v2\/tags?post=174400"}],"curies":[{"name":"wp","href":"https:\/\/api.w.org\/{rel}","templated":true}]}}