{"id":174389,"date":"2025-06-17T08:15:25","date_gmt":"2025-06-17T11:15:25","guid":{"rendered":"https:\/\/cdnoticias.com\/?p=174389"},"modified":"2025-06-17T08:15:26","modified_gmt":"2025-06-17T11:15:26","slug":"ora-ines-juarez-de-baron-q-e-p-d","status":"publish","type":"post","link":"https:\/\/cdnoticias.com\/index.php\/2025\/06\/17\/ora-ines-juarez-de-baron-q-e-p-d\/","title":{"rendered":"Ora In\u00e9s Ju\u00e1rez de Bar\u00f3n (Q.E.P.D.)"},"content":{"rendered":"<p>Falleci\u00f3 en Olavarr\u00eda el 16 de junio de 2025 a los 80 a\u00f1os. Su esposo Mario Rodolfo Bar\u00f3n; sus hijos Mario, Andr\u00e9s y Silvana; sus hijos pol\u00edticos Andrea, Emanuel y Vanesa; sus nietos Franco, Agustina, Bautista, Exequiel, Juli, Lisandro, Marcos, Morena, Mat\u00edas, Tob\u00edas y Rafael; sus hermanos, sobrinos y dem\u00e1s familiares participan su fallecimiento.<\/p>\n<p>Sus restos ser\u00e1n velados este mi\u00e9rcoles 18 de junio desde las 8 horas en la Sala de Espa\u00f1a 2942 departamento \u201cC\u201d, e inhumados en el Cementerio Loma de Paz a las 14:30 horas previo responso en la Capilla Ardiente. Servicio adherido a Coopelectric.<\/p>\n<p>Nacida en Olavarr\u00eda, vecina de barrio Pueblo Nuevo, jubilada.<\/p>\n","protected":false},"excerpt":{"rendered":"<p>Falleci\u00f3 en Olavarr\u00eda el 16 de junio de 2025 a los 80 a\u00f1os. Su esposo Mario Rodolfo Bar\u00f3n; sus hijos<\/p>\n","protected":false},"author":4,"featured_media":51544,"comment_status":"closed","ping_status":"closed","sticky":false,"template":"","format":"standard","meta":{"_jetpack_memberships_contains_paid_content":false,"footnotes":""},"categories":[10],"tags":[],"class_list":["post-174389","post","type-post","status-publish","format-standard","has-post-thumbnail","hentry","category-necrologicas"],"jetpack_featured_media_url":"https:\/\/i0.wp.com\/cdnoticias.com\/wp-content\/uploads\/2022\/04\/necrologicas-390-x-240.jpg?fit=390%2C240&ssl=1","jetpack_sharing_enabled":true,"_links":{"self":[{"href":"https:\/\/cdnoticias.com\/index.php\/wp-json\/wp\/v2\/posts\/174389","targetHints":{"allow":["GET"]}}],"collection":[{"href":"https:\/\/cdnoticias.com\/index.php\/wp-json\/wp\/v2\/posts"}],"about":[{"href":"https:\/\/cdnoticias.com\/index.php\/wp-json\/wp\/v2\/types\/post"}],"author":[{"embeddable":true,"href":"https:\/\/cdnoticias.com\/index.php\/wp-json\/wp\/v2\/users\/4"}],"replies":[{"embeddable":true,"href":"https:\/\/cdnoticias.com\/index.php\/wp-json\/wp\/v2\/comments?post=174389"}],"version-history":[{"count":0,"href":"https:\/\/cdnoticias.com\/index.php\/wp-json\/wp\/v2\/posts\/174389\/revisions"}],"wp:featuredmedia":[{"embeddable":true,"href":"https:\/\/cdnoticias.com\/index.php\/wp-json\/wp\/v2\/media\/51544"}],"wp:attachment":[{"href":"https:\/\/cdnoticias.com\/index.php\/wp-json\/wp\/v2\/media?parent=174389"}],"wp:term":[{"taxonomy":"category","embeddable":true,"href":"https:\/\/cdnoticias.com\/index.php\/wp-json\/wp\/v2\/categories?post=174389"},{"taxonomy":"post_tag","embeddable":true,"href":"https:\/\/cdnoticias.com\/index.php\/wp-json\/wp\/v2\/tags?post=174389"}],"curies":[{"name":"wp","href":"https:\/\/api.w.org\/{rel}","templated":true}]}}