{"id":174357,"date":"2025-06-16T20:00:59","date_gmt":"2025-06-16T23:00:59","guid":{"rendered":"https:\/\/cdnoticias.com\/?p=174357"},"modified":"2025-06-17T10:47:43","modified_gmt":"2025-06-17T13:47:43","slug":"audiencia-publica-el-proyecto-de-privatizacion-de-las-rutas-3-y-226-incluye-mas-peajes","status":"publish","type":"post","link":"https:\/\/cdnoticias.com\/index.php\/2025\/06\/16\/audiencia-publica-el-proyecto-de-privatizacion-de-las-rutas-3-y-226-incluye-mas-peajes\/","title":{"rendered":"Audiencia p\u00fablica: el proyecto de privatizaci\u00f3n de las rutas 3 y 226 incluye m\u00e1s peajes"},"content":{"rendered":"<p>Se present\u00f3 la propuesta del Gobierno Nacional. Contempla la continuaci\u00f3n de la autopista de Ca\u00f1uelas a Gorchs. No se ofrecieron detalles de las obras ni hubo espacio para preguntas de los asistentes.<!--more--><\/p>\n<hr \/>\n<p>Durante <strong>una <a href=\"https:\/\/cdnoticias.com\/index.php\/2025\/05\/20\/audiencia-publica-para-licitar-obras-en-rutas-nacionales-incluye-tramos-de-226-y-3\/\" target=\"_blank\" rel=\"noopener\">audiencia p\u00fablica<\/a> realizada el 11 de junio<\/strong> se present\u00f3 el <strong>proyecto de privatizaci\u00f3n de las rutas nacionales 3 y 226<\/strong>.<\/p>\n<p>La iniciativa <strong>contempla la continuaci\u00f3n de la autopista desde Ca\u00f1uelas hasta la localidad de Gorchs<\/strong> y, desde all\u00ed<strong> hasta Bah\u00eda Blanca<\/strong>\u00a0trabajos de mejora sobre la traza actual.<\/p>\n<p>Seg\u00fan lo expuesto, <strong>las intervenciones incluir\u00e1n la repavimentaci\u00f3n y mantenimiento de la calzada<\/strong>, demarcaci\u00f3n horizontal, renovaci\u00f3n de se\u00f1al\u00e9tica y conservaci\u00f3n de banquinas. Uno de los puntos que m\u00e1s inquietud gener\u00f3 fue el <strong>anuncio del regreso del sistema de peajes<\/strong>, con la <strong>reactivaci\u00f3n<\/strong> de algunos existentes y la <strong>incorporaci\u00f3n<\/strong> de nuevos.<\/p>\n<blockquote><p>Los nuevos puntos de cobro estar\u00edan ubicados en Gorchs (km 144), Azul (km 290), Chillar (km 380), Tres Arroyos (km 490) y Coronel Dorrego (km 591). El anuncio provoc\u00f3 preocupaci\u00f3n entre varios de los asistentes, principalmente por la falta de precisiones respecto a las obras proyectadas y los criterios de ubicaci\u00f3n de los peajes.<\/p><\/blockquote>\n<p>Participaron de la audiencia <strong>intendentes y representantes de los municipios de Monte, Las Flores, Saladillo, Tandil y Coronel Dorrego<\/strong>. En representaci\u00f3n de <strong>Azul<\/strong> asisti\u00f3 el <strong>secretario de Obras P\u00fablicas, Gustavo Vitale<\/strong>, y representantes de la <strong>Fundaci\u00f3n CEDA, entre ellos Guillermo Andrich<\/strong>, quien tom\u00f3 la palabra durante la audiencia.<\/p>\n<p>Adem\u00e1s, estuvieron presentes <strong>cinco integrantes del grupo &#8220;Vecinos Autoconvocados de Azul &#8211; Autov\u00eda Ya&#8221;<\/strong>, quienes <a href=\"https:\/\/cdnoticias.com\/index.php\/2025\/06\/08\/nuevo-reclamo-por-la-construccion-de-la-autovia-de-la-ruta-nacional-3\/\" target=\"_blank\" rel=\"noopener\">vienen reclamando<\/a> desde hace a\u00f1os por una infraestructura vial segura, moderna y sostenida en el tiempo.<\/p>\n<p>En general, <strong>todos coincidieron en la necesidad de incluir mejoras en los accesos a las localidades<\/strong>, mediante la construcci\u00f3n de rotondas, iluminaci\u00f3n adecuada y mantenimiento vial, trabajos que <em>actualmente muchas veces asumen los propios municipios con recursos propios<\/em>.<\/p>\n<blockquote><p>Cabe se\u00f1alar que durante el encuentro no se habilit\u00f3 un espacio para preguntas ni se ofrecieron respuestas a las inquietudes de los presentes. Desde la organizaci\u00f3n informaron que todas las consultas deber\u00e1n canalizarse exclusivamente a trav\u00e9s de la p\u00e1gina oficial de Vialidad Nacional.<\/p><\/blockquote>\n<p>El avance del proyecto despierta <strong>inquietudes<\/strong>, principalmente por el <strong>impacto econ\u00f3mico que podr\u00edan implicar los nuevos peajes<\/strong> y la <strong>falta de garant\u00edas sobre obras concretas<\/strong> que mejoren de forma sustancial la seguridad vial en la regi\u00f3n.<\/p>\n<p>Fuente: <em>Noticias de Azul<\/em><\/p>\n","protected":false},"excerpt":{"rendered":"<p>Se present\u00f3 la propuesta del Gobierno Nacional. Contempla la continuaci\u00f3n de la autopista de Ca\u00f1uelas a Gorchs. No se ofrecieron<\/p>\n","protected":false},"author":4,"featured_media":174358,"comment_status":"closed","ping_status":"closed","sticky":false,"template":"","format":"standard","meta":{"_jetpack_memberships_contains_paid_content":false,"footnotes":""},"categories":[5,1],"tags":[],"class_list":["post-174357","post","type-post","status-publish","format-standard","has-post-thumbnail","hentry","category-informacion-general","category-portada"],"jetpack_featured_media_url":"https:\/\/i0.wp.com\/cdnoticias.com\/wp-content\/uploads\/2025\/06\/ruta-3-azul-vecinos-autoconvocados-00.jpg?fit=1000%2C556&ssl=1","jetpack_sharing_enabled":true,"_links":{"self":[{"href":"https:\/\/cdnoticias.com\/index.php\/wp-json\/wp\/v2\/posts\/174357","targetHints":{"allow":["GET"]}}],"collection":[{"href":"https:\/\/cdnoticias.com\/index.php\/wp-json\/wp\/v2\/posts"}],"about":[{"href":"https:\/\/cdnoticias.com\/index.php\/wp-json\/wp\/v2\/types\/post"}],"author":[{"embeddable":true,"href":"https:\/\/cdnoticias.com\/index.php\/wp-json\/wp\/v2\/users\/4"}],"replies":[{"embeddable":true,"href":"https:\/\/cdnoticias.com\/index.php\/wp-json\/wp\/v2\/comments?post=174357"}],"version-history":[{"count":0,"href":"https:\/\/cdnoticias.com\/index.php\/wp-json\/wp\/v2\/posts\/174357\/revisions"}],"wp:featuredmedia":[{"embeddable":true,"href":"https:\/\/cdnoticias.com\/index.php\/wp-json\/wp\/v2\/media\/174358"}],"wp:attachment":[{"href":"https:\/\/cdnoticias.com\/index.php\/wp-json\/wp\/v2\/media?parent=174357"}],"wp:term":[{"taxonomy":"category","embeddable":true,"href":"https:\/\/cdnoticias.com\/index.php\/wp-json\/wp\/v2\/categories?post=174357"},{"taxonomy":"post_tag","embeddable":true,"href":"https:\/\/cdnoticias.com\/index.php\/wp-json\/wp\/v2\/tags?post=174357"}],"curies":[{"name":"wp","href":"https:\/\/api.w.org\/{rel}","templated":true}]}}