{"id":174283,"date":"2025-06-15T20:27:20","date_gmt":"2025-06-15T23:27:20","guid":{"rendered":"https:\/\/cdnoticias.com\/?p=174283"},"modified":"2025-06-16T10:54:53","modified_gmt":"2025-06-16T13:54:53","slug":"la-ufi-de-lucas-moyano-logro-la-primera-devolucion-de-criptoactivos-en-el-departamento-judicial","status":"publish","type":"post","link":"https:\/\/cdnoticias.com\/index.php\/2025\/06\/15\/la-ufi-de-lucas-moyano-logro-la-primera-devolucion-de-criptoactivos-en-el-departamento-judicial\/","title":{"rendered":"La UFI de Lucas Moyano logr\u00f3 la primera devoluci\u00f3n de criptoactivos en el Departamento Judicial"},"content":{"rendered":"<p>La v\u00edctima de una estafa inform\u00e1tica pudo recuperar los fondos robados. El caso comenz\u00f3 en julio de 2023.<!--more--><\/p>\n<hr \/>\n<p>La <strong>UFI N.\u00ba 22, a cargo del fiscal Lucas Moyano<\/strong>, realiz\u00f3 <strong>por primera vez<\/strong> en Azul la <strong>devoluci\u00f3n de criptomonedas a una v\u00edctima de estafa inform\u00e1tica<\/strong>.<\/p>\n<p>El caso comenz\u00f3 en <strong>julio de 2023 en Tandil<\/strong>, cuando una persona <strong>denunci\u00f3 el robo de sus credenciales bancarias<\/strong>. Le sustrajeron <strong>1.800.000 pesos<\/strong>, que fueron <strong>transferidos a billeteras virtuales y convertidos en criptomonedas (USDT)<\/strong> para ocultar su origen.<\/p>\n<p>Luego de un exhaustivo an\u00e1lisis forense sobre blockchain, se logr\u00f3<em> identificar las billeteras involucradas, congelar los activos digitales, incautarlos y transferirlos a una wallet segura del MPBA y restituirlos a una billetera creada por la v\u00edctima<\/em>.<\/p>\n<p>Este caso sienta<strong> un precedente en la lucha contra el cibercrimen<\/strong> y demuestra que <strong>es posible recuperar activos digitales robados<\/strong> a trav\u00e9s del trabajo t\u00e9cnico y coordinado del sistema judicial.<\/p>\n<blockquote><p>\u201cEl recupero de activos debe transformarse en una pr\u00e1ctica habitual para reparar el da\u00f1o econ\u00f3mico a las v\u00edctimas\u201d, expres\u00f3 el fiscal Moyano.<\/p><\/blockquote>\n<p>Fuente: <em>Noticias de Azul<\/em><\/p>\n","protected":false},"excerpt":{"rendered":"<p>La v\u00edctima de una estafa inform\u00e1tica pudo recuperar los fondos robados. El caso comenz\u00f3 en julio de 2023.<\/p>\n","protected":false},"author":4,"featured_media":130315,"comment_status":"closed","ping_status":"closed","sticky":false,"template":"","format":"standard","meta":{"_jetpack_memberships_contains_paid_content":false,"footnotes":""},"categories":[14,1],"tags":[],"class_list":["post-174283","post","type-post","status-publish","format-standard","has-post-thumbnail","hentry","category-policiales","category-portada"],"jetpack_featured_media_url":"https:\/\/i0.wp.com\/cdnoticias.com\/wp-content\/uploads\/2024\/11\/HCD-lucas-moyano.jpg?fit=1000%2C556&ssl=1","jetpack_sharing_enabled":true,"_links":{"self":[{"href":"https:\/\/cdnoticias.com\/index.php\/wp-json\/wp\/v2\/posts\/174283","targetHints":{"allow":["GET"]}}],"collection":[{"href":"https:\/\/cdnoticias.com\/index.php\/wp-json\/wp\/v2\/posts"}],"about":[{"href":"https:\/\/cdnoticias.com\/index.php\/wp-json\/wp\/v2\/types\/post"}],"author":[{"embeddable":true,"href":"https:\/\/cdnoticias.com\/index.php\/wp-json\/wp\/v2\/users\/4"}],"replies":[{"embeddable":true,"href":"https:\/\/cdnoticias.com\/index.php\/wp-json\/wp\/v2\/comments?post=174283"}],"version-history":[{"count":0,"href":"https:\/\/cdnoticias.com\/index.php\/wp-json\/wp\/v2\/posts\/174283\/revisions"}],"wp:featuredmedia":[{"embeddable":true,"href":"https:\/\/cdnoticias.com\/index.php\/wp-json\/wp\/v2\/media\/130315"}],"wp:attachment":[{"href":"https:\/\/cdnoticias.com\/index.php\/wp-json\/wp\/v2\/media?parent=174283"}],"wp:term":[{"taxonomy":"category","embeddable":true,"href":"https:\/\/cdnoticias.com\/index.php\/wp-json\/wp\/v2\/categories?post=174283"},{"taxonomy":"post_tag","embeddable":true,"href":"https:\/\/cdnoticias.com\/index.php\/wp-json\/wp\/v2\/tags?post=174283"}],"curies":[{"name":"wp","href":"https:\/\/api.w.org\/{rel}","templated":true}]}}