{"id":174280,"date":"2025-06-15T20:14:49","date_gmt":"2025-06-15T23:14:49","guid":{"rendered":"https:\/\/cdnoticias.com\/?p=174280"},"modified":"2025-06-15T20:14:51","modified_gmt":"2025-06-15T23:14:51","slug":"dia-del-padre-despues-del-desplome-del-ano-pasado-ahora-las-ventas-cayeron-otro-17","status":"publish","type":"post","link":"https:\/\/cdnoticias.com\/index.php\/2025\/06\/15\/dia-del-padre-despues-del-desplome-del-ano-pasado-ahora-las-ventas-cayeron-otro-17\/","title":{"rendered":"D\u00eda del Padre: despu\u00e9s del desplome del a\u00f1o pasado, ahora las ventas cayeron otro 1,7%"},"content":{"rendered":"<p>Seg\u00fan CAME, el ticket promedio alcanz\u00f3 los $ 41.302, que al descontar la inflaci\u00f3n, implica una ca\u00edda real del 8,9% en el poder de compra respecto de 2024.<!--more--><\/p>\n<hr \/>\n<p>Las<strong> ventas por el D\u00eda del Padre cayeron 1,7% frente al a\u00f1o pasado<\/strong>. La fecha dej\u00f3 un balance con resultados dispares y un <strong>desempe\u00f1o general d\u00e9bil para el comercio minorista<\/strong>, de acuerdo con la <strong>Confederaci\u00f3n Argentina de la Mediana Empresa (CAME)<\/strong>. \u201cLas principales estrategias aplicadas para motorizar las ventas fueron las<strong> facilidades de financiaci\u00f3n con tarjetas de cr\u00e9dito<\/strong> y los<strong> descuentos por pago en efectivo<\/strong>, aunque su efectividad result\u00f3 limitada en un <strong>contexto con gran cautela<\/strong> por parte de los consumidores\u201d, siempre seg\u00fan la C\u00e1mara.<\/p>\n<blockquote><p>En este D\u00eda del Padre, el ticket promedio alcanz\u00f3 los $ 41.302, que al descontar la inflaci\u00f3n del per\u00edodo, implica una ca\u00edda real del 8,9% en el poder de compra respecto de 2024. \u201cEste dato se alinea con el comportamiento observado en la mayor\u00eda de los rubros, donde las ventas se concentraron en productos de menor valor y en art\u00edculos en promoci\u00f3n, priorizando el cuidado del gasto familiar\u201d.<\/p><\/blockquote>\n<p>As\u00ed, el <a href=\"https:\/\/www.redcame.org.ar\/novedades\/14252\/dia-del-padre-2025-las-ventas-cayeron-17-anual\" target=\"_blank\" rel=\"noopener\">\u00cdndice de Ventas Minoristas para el D\u00eda del Padre elaborado por CAME<\/a> registr\u00f3 por<strong> tercer a\u00f1o consecutivo una variaci\u00f3n interanual negativa<\/strong>, reflejando una tendencia sostenida de debilidad en el consumo vinculado a esta celebraci\u00f3n. <strong>El descenso del -1,7% de este a\u00f1o se suma al retroceso del -10,2% de 2024 y del -1,2% de 2023<\/strong>, consolidando un ciclo de resultados desfavorables para el sector.<\/p>\n<figure id=\"attachment_173877\" aria-describedby=\"caption-attachment-173877\" style=\"width: 696px\" class=\"wp-caption aligncenter\"><img data-recalc-dims=\"1\" loading=\"lazy\" decoding=\"async\" class=\"size-full wp-image-173877\" src=\"https:\/\/i0.wp.com\/cdnoticias.com\/wp-content\/uploads\/2025\/06\/comercio-696x492-1.jpg?resize=696%2C492&#038;ssl=1\" alt=\"\" width=\"696\" height=\"492\" srcset=\"https:\/\/i0.wp.com\/cdnoticias.com\/wp-content\/uploads\/2025\/06\/comercio-696x492-1.jpg?w=696&amp;ssl=1 696w, https:\/\/i0.wp.com\/cdnoticias.com\/wp-content\/uploads\/2025\/06\/comercio-696x492-1.jpg?resize=300%2C212&amp;ssl=1 300w\" sizes=\"auto, (max-width: 696px) 100vw, 696px\" \/><figcaption id=\"caption-attachment-173877\" class=\"wp-caption-text\">La venta de indumentaria, el rubro de mayor ca\u00edda en el D\u00eda del Padre.<\/figcaption><\/figure>\n<blockquote><p>\u201cEsta evoluci\u00f3n evidencia que el D\u00eda del Padre, lejos de constituir un motor para el comercio minorista, se ha visto desdibujado como oportunidad de recuperaci\u00f3n de las ventas\u201d.<\/p><\/blockquote>\n<p>Seg\u00fan CAME, en elemento que jug\u00f3 en contra fue la coincidencia con un<strong> fin de semana largo<\/strong>, \u201clo que redujo la circulaci\u00f3n en centros comerciales y<strong> prioriz\u00f3 el turismo u otras actividades recreativas<\/strong> por sobre las compras\u201d.<\/p>\n<p>En la comparaci\u00f3n interanual, cuatro de los seis rubros medidos presentaron subas, siendo <strong>\u201cEquipos perif\u00e9ricos, accesorios y celulares\u201d el de mayor variaci\u00f3n positiva<\/strong>, +9,7%, seguido por \u201cElectrodom\u00e9sticos, artefactos del hogar y equipos de audio y video\u201d, +5,8%. En sentido contrario, dos rubros presentaron <strong>fuertes ca\u00eddas: \u201cIndumentaria\u201d, -12%, y \u201cLibrer\u00edas\u201d, -8,6%. <\/strong><\/p>\n<p>Fuente: <em>Agencia DIB<\/em><\/p>\n","protected":false},"excerpt":{"rendered":"<p>Seg\u00fan CAME, el ticket promedio alcanz\u00f3 los $ 41.302, que al descontar la inflaci\u00f3n, implica una ca\u00edda real del 8,9%<\/p>\n","protected":false},"author":4,"featured_media":174281,"comment_status":"closed","ping_status":"closed","sticky":false,"template":"","format":"standard","meta":{"_jetpack_memberships_contains_paid_content":false,"footnotes":""},"categories":[6,1],"tags":[],"class_list":["post-174280","post","type-post","status-publish","format-standard","has-post-thumbnail","hentry","category-nacionales","category-portada"],"jetpack_featured_media_url":"https:\/\/i0.wp.com\/cdnoticias.com\/wp-content\/uploads\/2025\/06\/ventas-dia-del-padre.jpg?fit=696%2C392&ssl=1","jetpack_sharing_enabled":true,"_links":{"self":[{"href":"https:\/\/cdnoticias.com\/index.php\/wp-json\/wp\/v2\/posts\/174280","targetHints":{"allow":["GET"]}}],"collection":[{"href":"https:\/\/cdnoticias.com\/index.php\/wp-json\/wp\/v2\/posts"}],"about":[{"href":"https:\/\/cdnoticias.com\/index.php\/wp-json\/wp\/v2\/types\/post"}],"author":[{"embeddable":true,"href":"https:\/\/cdnoticias.com\/index.php\/wp-json\/wp\/v2\/users\/4"}],"replies":[{"embeddable":true,"href":"https:\/\/cdnoticias.com\/index.php\/wp-json\/wp\/v2\/comments?post=174280"}],"version-history":[{"count":0,"href":"https:\/\/cdnoticias.com\/index.php\/wp-json\/wp\/v2\/posts\/174280\/revisions"}],"wp:featuredmedia":[{"embeddable":true,"href":"https:\/\/cdnoticias.com\/index.php\/wp-json\/wp\/v2\/media\/174281"}],"wp:attachment":[{"href":"https:\/\/cdnoticias.com\/index.php\/wp-json\/wp\/v2\/media?parent=174280"}],"wp:term":[{"taxonomy":"category","embeddable":true,"href":"https:\/\/cdnoticias.com\/index.php\/wp-json\/wp\/v2\/categories?post=174280"},{"taxonomy":"post_tag","embeddable":true,"href":"https:\/\/cdnoticias.com\/index.php\/wp-json\/wp\/v2\/tags?post=174280"}],"curies":[{"name":"wp","href":"https:\/\/api.w.org\/{rel}","templated":true}]}}