{"id":174258,"date":"2025-06-16T20:30:02","date_gmt":"2025-06-16T23:30:02","guid":{"rendered":"https:\/\/cdnoticias.com\/?p=174258"},"modified":"2025-06-16T20:30:06","modified_gmt":"2025-06-16T23:30:06","slug":"olavarria-sera-sede-del-proximo-taller-tecnico-de-caminos-rurales","status":"publish","type":"post","link":"https:\/\/cdnoticias.com\/index.php\/2025\/06\/16\/olavarria-sera-sede-del-proximo-taller-tecnico-de-caminos-rurales\/","title":{"rendered":"Olavarr\u00eda ser\u00e1 sede del pr\u00f3ximo Taller T\u00e9cnico de Caminos Rurales\u00a0"},"content":{"rendered":"\n<p>Lo anunci\u00f3 el Director de Obras Rurales del Municipio, quien expuso en el IX Taller T\u00e9cnico de Caminos Rurales en la ciudad de Jun\u00edn.&nbsp;<\/p>\n\n\n\n<hr class=\"wp-block-separator aligncenter has-alpha-channel-opacity\"\/>\n\n\n\n<p>A inicios de la corriente semana <strong>en la ciudad de Jun\u00edn se llev\u00f3 a cabo el IX Taller T\u00e9cnico de Caminos Rurales, <\/strong>un evento impulsado desde el Ministerio de Desarrollo Agrario de la Provincia de Buenos Aires y en el que <strong>el Municipio de Olavarr\u00eda estuvo presente con la participaci\u00f3n del Director de Obras Rurales,<\/strong> quien <strong>expuso un trabajo acerca de los trabajos que se llevan a cabo en torno a la Red Vial Rural del Partido.<\/strong><\/p>\n\n\n\n<p><\/p>\n\n\n\n<blockquote class=\"wp-block-quote is-layout-flow wp-block-quote-is-layout-flow\">\n<p>Mariano Arrignon realiz\u00f3 una ponencia en la que present\u00f3 un informe acerca del \u201cPlan de estabilizaci\u00f3n de la Red Vial del Partido de Olavarr\u00eda con participaci\u00f3n p\u00fablico-privada\u201d, en el que brind\u00f3 detalles acerca del despliegue de trabajos y operativos realizados en lo que va del corriente a\u00f1o.\u00a0<\/p>\n<\/blockquote>\n\n\n\n<p><\/p>\n\n\n\n<p>En la ocasi\u00f3n, adem\u00e1s, anunci\u00f3 que<strong> Olavarr\u00eda ser\u00e1 sede del pr\u00f3ximo Taller T\u00e9cnico de Caminos Rurales<\/strong>, que se realizar\u00e1 durante los d\u00edas<strong> 25 y 26 de septiembre venideros.<\/strong><\/p>\n\n\n\n<p><\/p>\n\n\n\n<p>El funcionario municipal asisti\u00f3 acompa\u00f1ado por integrantes de su equipo de trabajo y de la Secretar\u00eda de Obras, Infraestructura y Servicios P\u00fablicos. Participaron de <strong>distintos espacios de di\u00e1logo y formaci\u00f3n,<\/strong> con el objetivo de<strong> intercambiar experiencias<\/strong> pero tambi\u00e9n<strong> crear v\u00ednculos para el futuro desarrollo de acciones conjuntas,<\/strong> como as\u00ed tambi\u00e9n para poder replicar pr\u00e1cticas o utilizarlas como insumos para futuros desarrollos.<\/p>\n\n\n\n<p><\/p>\n\n\n\n<p>El taller se desarroll\u00f3 durante dos jornadas, que se concretaron los pasados martes 10 y mi\u00e9rcoles 11 de junio.\u00a0Con el objetivo de transferir tecnolog\u00eda y conocimiento a trav\u00e9s de disertaciones interactivas,<strong> el Taller desarroll\u00f3 un primer d\u00eda de contenidos te\u00f3ricos <\/strong>en las instalaciones de Unnoba, la Universidad Nacional del Noroeste de la Provincia de Buenos Aires.\u00a0<\/p>\n\n\n\n<p><\/p>\n\n\n\n<p>El<strong> segundo d\u00eda fue el turno de la parte pr\u00e1ctica, <\/strong>que se concret\u00f3 en el establecimiento \u201cEl Laurel\u201d, ubicado en la colectora de la Autopista de la Ruta Nacional 7, a la altura del km 255.<\/p>\n\n\n\n<p><\/p>\n\n\n\n<p>La actividad cont\u00f3 con la participaci\u00f3n, entre otros, del Director Provincial de Log\u00edstica, Infraestructura en conectividad y Trabajo Rural del Ministerio de Desarrollo Agrario Jonathan S\u00e1nchez Sosa, el intendente de Jun\u00edn Pablo Petrecca y el rector de la Universidad Nacional del Noroeste de la Provincia de Buenos Aires (Unnoba), Guillermo Tamarit.<\/p>\n","protected":false},"excerpt":{"rendered":"<p>Lo anunci\u00f3 el Director de Obras Rurales del Municipio, quien expuso en el IX Taller T\u00e9cnico de Caminos Rurales en<\/p>\n","protected":false},"author":6,"featured_media":174253,"comment_status":"closed","ping_status":"closed","sticky":false,"template":"","format":"standard","meta":{"_jetpack_memberships_contains_paid_content":false,"footnotes":""},"categories":[5,1],"tags":[],"class_list":["post-174258","post","type-post","status-publish","format-standard","has-post-thumbnail","hentry","category-informacion-general","category-portada"],"jetpack_featured_media_url":"https:\/\/i0.wp.com\/cdnoticias.com\/wp-content\/uploads\/2025\/06\/disertante-obras-rurales.png?fit=802%2C469&ssl=1","jetpack_sharing_enabled":true,"_links":{"self":[{"href":"https:\/\/cdnoticias.com\/index.php\/wp-json\/wp\/v2\/posts\/174258","targetHints":{"allow":["GET"]}}],"collection":[{"href":"https:\/\/cdnoticias.com\/index.php\/wp-json\/wp\/v2\/posts"}],"about":[{"href":"https:\/\/cdnoticias.com\/index.php\/wp-json\/wp\/v2\/types\/post"}],"author":[{"embeddable":true,"href":"https:\/\/cdnoticias.com\/index.php\/wp-json\/wp\/v2\/users\/6"}],"replies":[{"embeddable":true,"href":"https:\/\/cdnoticias.com\/index.php\/wp-json\/wp\/v2\/comments?post=174258"}],"version-history":[{"count":0,"href":"https:\/\/cdnoticias.com\/index.php\/wp-json\/wp\/v2\/posts\/174258\/revisions"}],"wp:featuredmedia":[{"embeddable":true,"href":"https:\/\/cdnoticias.com\/index.php\/wp-json\/wp\/v2\/media\/174253"}],"wp:attachment":[{"href":"https:\/\/cdnoticias.com\/index.php\/wp-json\/wp\/v2\/media?parent=174258"}],"wp:term":[{"taxonomy":"category","embeddable":true,"href":"https:\/\/cdnoticias.com\/index.php\/wp-json\/wp\/v2\/categories?post=174258"},{"taxonomy":"post_tag","embeddable":true,"href":"https:\/\/cdnoticias.com\/index.php\/wp-json\/wp\/v2\/tags?post=174258"}],"curies":[{"name":"wp","href":"https:\/\/api.w.org\/{rel}","templated":true}]}}