{"id":174249,"date":"2025-06-18T13:11:03","date_gmt":"2025-06-18T16:11:03","guid":{"rendered":"https:\/\/cdnoticias.com\/?p=174249"},"modified":"2025-06-18T17:01:30","modified_gmt":"2025-06-18T20:01:30","slug":"el-proximo-viernes-sera-el-acto-por-el-dia-de-la-bandera","status":"publish","type":"post","link":"https:\/\/cdnoticias.com\/index.php\/2025\/06\/18\/el-proximo-viernes-sera-el-acto-por-el-dia-de-la-bandera\/","title":{"rendered":"El pr\u00f3ximo viernes ser\u00e1 el Acto por el D\u00eda de la Bandera\u00a0"},"content":{"rendered":"\n<p>Se llevar\u00e1 a cabo a partir de las 11 horas en la Plaza de Armas del Regimiento de Caballer\u00eda Tanques 2 \u201cLancero General Paz\u201d.<\/p>\n\n\n\n<hr class=\"wp-block-separator aligncenter has-alpha-channel-opacity\"\/>\n\n\n\n<p>El pr\u00f3ximo <strong>viernes 20<\/strong> se llevar\u00e1 a cabo el <strong>acto en conmemoraci\u00f3n del 205\u00ba Aniversario del Paso a la Inmortalidad del General Manuel Belgrano.\u00a0<\/strong><\/p>\n\n\n\n<p><\/p>\n\n\n\n<p>Ser\u00e1 <strong>a partir de las 11 horas, en la Plaza de Armas del Regimiento de Caballer\u00eda Tanques 2 \u201cLancero General Paz\u201d.<\/strong> En la oportunidad, como es tradicional, estudiantes de cuarto a\u00f1o de distintos establecimientos educativos del Partido de Olavarr\u00eda<strong> realizar\u00e1n su Promesa de Lealtad a la Bandera,<\/strong> como s\u00edmbolo de pertenencia y uni\u00f3n del pueblo argentino.<\/p>\n\n\n\n<p><\/p>\n\n\n\n<p>En este sentido, desde la Jefatura de Educaci\u00f3n se llev\u00f3 adelante la inscripci\u00f3n para los distintos niveles y modalidades educativas que quieran participar de la ceremonia.<\/p>\n\n\n\n<p><\/p>\n\n\n\n<p>En el marco del acto, adem\u00e1s <strong>se les tomar\u00e1 juramento a los soldados ingresantes ante la bandera de guerra<\/strong>, como sucede habitualmente cada 20 de junio.<\/p>\n\n\n\n<p><\/p>\n\n\n\n<p>El programa <strong>finalizar\u00e1 con las palabras del intendente Maximiliano Wesner.<\/strong> El acto es organizado por el Municipio de Olavarr\u00eda, Jefatura de Educaci\u00f3n, Guarnici\u00f3n Ej\u00e9rcito Olavarr\u00eda y la Asociaci\u00f3n Cultural Belgraniana.<\/p>\n\n\n\n<p><\/p>\n","protected":false},"excerpt":{"rendered":"<p>Se llevar\u00e1 a cabo a partir de las 11 horas en la Plaza de Armas del Regimiento de Caballer\u00eda Tanques<\/p>\n","protected":false},"author":6,"featured_media":109840,"comment_status":"closed","ping_status":"closed","sticky":false,"template":"","format":"standard","meta":{"_jetpack_memberships_contains_paid_content":false,"footnotes":""},"categories":[5,1],"tags":[],"class_list":["post-174249","post","type-post","status-publish","format-standard","has-post-thumbnail","hentry","category-informacion-general","category-portada"],"jetpack_featured_media_url":"https:\/\/i0.wp.com\/cdnoticias.com\/wp-content\/uploads\/2024\/02\/bandera-izamiento.jpg?fit=1000%2C666&ssl=1","jetpack_sharing_enabled":true,"_links":{"self":[{"href":"https:\/\/cdnoticias.com\/index.php\/wp-json\/wp\/v2\/posts\/174249","targetHints":{"allow":["GET"]}}],"collection":[{"href":"https:\/\/cdnoticias.com\/index.php\/wp-json\/wp\/v2\/posts"}],"about":[{"href":"https:\/\/cdnoticias.com\/index.php\/wp-json\/wp\/v2\/types\/post"}],"author":[{"embeddable":true,"href":"https:\/\/cdnoticias.com\/index.php\/wp-json\/wp\/v2\/users\/6"}],"replies":[{"embeddable":true,"href":"https:\/\/cdnoticias.com\/index.php\/wp-json\/wp\/v2\/comments?post=174249"}],"version-history":[{"count":0,"href":"https:\/\/cdnoticias.com\/index.php\/wp-json\/wp\/v2\/posts\/174249\/revisions"}],"wp:featuredmedia":[{"embeddable":true,"href":"https:\/\/cdnoticias.com\/index.php\/wp-json\/wp\/v2\/media\/109840"}],"wp:attachment":[{"href":"https:\/\/cdnoticias.com\/index.php\/wp-json\/wp\/v2\/media?parent=174249"}],"wp:term":[{"taxonomy":"category","embeddable":true,"href":"https:\/\/cdnoticias.com\/index.php\/wp-json\/wp\/v2\/categories?post=174249"},{"taxonomy":"post_tag","embeddable":true,"href":"https:\/\/cdnoticias.com\/index.php\/wp-json\/wp\/v2\/tags?post=174249"}],"curies":[{"name":"wp","href":"https:\/\/api.w.org\/{rel}","templated":true}]}}