{"id":174247,"date":"2025-06-17T08:23:00","date_gmt":"2025-06-17T11:23:00","guid":{"rendered":"https:\/\/cdnoticias.com\/?p=174247"},"modified":"2025-06-17T08:23:02","modified_gmt":"2025-06-17T11:23:02","slug":"alvaro-liuzzi-ofrecera-una-charla-sobre-periodismo-e-inteligencia-artificial","status":"publish","type":"post","link":"https:\/\/cdnoticias.com\/index.php\/2025\/06\/17\/alvaro-liuzzi-ofrecera-una-charla-sobre-periodismo-e-inteligencia-artificial\/","title":{"rendered":"\u00c1lvaro Liuzzi ofrecer\u00e1 una charla sobre periodismo e Inteligencia Artificial"},"content":{"rendered":"\n<p>Ser\u00e1 este mi\u00e9rcoles 18 en el marco de las VIII Jornadas de Periodismo, Investigaci\u00f3n y Democracia.<\/p>\n\n\n\n<hr class=\"wp-block-separator aligncenter has-alpha-channel-opacity\"\/>\n\n\n\n<p>Por <strong>octavo a\u00f1o consecutivo<\/strong>, la <strong>Facultad de Ciencias Sociales ser\u00e1 sede de las Jornadas de Periodismo, Investigaci\u00f3n y Democracia, <\/strong>organizadas por el el Observatorio de Medios, Ciudadan\u00eda y Democracia, y que se han establecido como un un espacio de reflexi\u00f3n y debate sobre tem\u00e1ticas relevantes para la <strong>formaci\u00f3n de comunicadores\/as y periodistas,<\/strong> con la <strong>participaci\u00f3n de investigadores\/as y profesionales destacados\/as del campo.<\/strong><\/p>\n\n\n\n<p><\/p>\n\n\n\n<blockquote class=\"wp-block-quote is-layout-flow wp-block-quote-is-layout-flow\">\n<p>En esta oportunidad, el pr\u00f3ximo mi\u00e9rcoles 18 de junio desde las 15 horas se brindar\u00e1 la charla titulada \u201cPeriodismo IA: experiencias de innovaci\u00f3n en redacciones\u201d, la cual estar\u00e1 a cargo del Lic. \u00c1lvaro Liuzzi (UNLP).<\/p>\n<\/blockquote>\n\n\n\n<p><\/p>\n\n\n\n<p>La propuesta se presentar\u00e1 con <strong>modalidad h\u00edbrida<\/strong>: quienes deseen participar de manera presencial pueden acercarse al Aula 1 de la Facultad de Ciencias Sociales, avenida Del Valle 5737, y si no es posible seguir el encuentro a trav\u00e9s del <a href=\"https:\/\/www.youtube.com\/@FacultadCienciasSociales\" target=\"_blank\" rel=\"noreferrer noopener\">canal de YouTube de FACSO<\/a>. <strong>En la presentaci\u00f3n el Lic. Liuzzi estar\u00e1 acompa\u00f1ado por investigadores\/as del Observatorio de Medios, Ciudadan\u00eda y Democracia.<\/strong><\/p>\n\n\n\n<p><\/p>\n\n\n\n<p>\u00c1lvaro Liuzzi es Licenciado en Comunicaci\u00f3n Social (UNLP), docente y consultor en medios digitales. Con m\u00e1s de 20 a\u00f1os de trayectoria, ha dirigido numerosos proyectos period\u00edsticos, interactivos y transmedia, tanto de forma independiente como junto a reconocidas instituciones.\u00a0<\/p>\n\n\n\n<p><\/p>\n\n\n\n<p>Actualmente es capacitador del programa <strong>\u201cRedacciones 5G\u201d de Telecom Argentina y editor del newsletter Redacciones5G,<\/strong> centrado en el cruce entre tecnolog\u00eda, medios e innovaci\u00f3n.<\/p>\n\n\n\n<p><\/p>\n\n\n\n<p>Es docente de la UNLP y consultor asociado de medios de Am\u00e9rica Latina, con foco en producto digital, nuevas narrativas, innovaci\u00f3n, audiencias y estrategia. Su \u00e1rea de trabajo actual se enfoca en la intersecci\u00f3n entre inteligencia artificial, periodismo e innovaci\u00f3n.<\/p>\n","protected":false},"excerpt":{"rendered":"<p>Ser\u00e1 este mi\u00e9rcoles 18 en el marco de las VIII Jornadas de Periodismo, Investigaci\u00f3n y Democracia. Por octavo a\u00f1o consecutivo,<\/p>\n","protected":false},"author":6,"featured_media":83263,"comment_status":"closed","ping_status":"closed","sticky":false,"template":"","format":"standard","meta":{"_jetpack_memberships_contains_paid_content":false,"footnotes":""},"categories":[5,1],"tags":[],"class_list":["post-174247","post","type-post","status-publish","format-standard","has-post-thumbnail","hentry","category-informacion-general","category-portada"],"jetpack_featured_media_url":"https:\/\/i0.wp.com\/cdnoticias.com\/wp-content\/uploads\/2023\/04\/Facultad-de-Ciencias-Sociales-1.jpg?fit=2000%2C1159&ssl=1","jetpack_sharing_enabled":true,"_links":{"self":[{"href":"https:\/\/cdnoticias.com\/index.php\/wp-json\/wp\/v2\/posts\/174247","targetHints":{"allow":["GET"]}}],"collection":[{"href":"https:\/\/cdnoticias.com\/index.php\/wp-json\/wp\/v2\/posts"}],"about":[{"href":"https:\/\/cdnoticias.com\/index.php\/wp-json\/wp\/v2\/types\/post"}],"author":[{"embeddable":true,"href":"https:\/\/cdnoticias.com\/index.php\/wp-json\/wp\/v2\/users\/6"}],"replies":[{"embeddable":true,"href":"https:\/\/cdnoticias.com\/index.php\/wp-json\/wp\/v2\/comments?post=174247"}],"version-history":[{"count":0,"href":"https:\/\/cdnoticias.com\/index.php\/wp-json\/wp\/v2\/posts\/174247\/revisions"}],"wp:featuredmedia":[{"embeddable":true,"href":"https:\/\/cdnoticias.com\/index.php\/wp-json\/wp\/v2\/media\/83263"}],"wp:attachment":[{"href":"https:\/\/cdnoticias.com\/index.php\/wp-json\/wp\/v2\/media?parent=174247"}],"wp:term":[{"taxonomy":"category","embeddable":true,"href":"https:\/\/cdnoticias.com\/index.php\/wp-json\/wp\/v2\/categories?post=174247"},{"taxonomy":"post_tag","embeddable":true,"href":"https:\/\/cdnoticias.com\/index.php\/wp-json\/wp\/v2\/tags?post=174247"}],"curies":[{"name":"wp","href":"https:\/\/api.w.org\/{rel}","templated":true}]}}