{"id":174210,"date":"2025-06-14T21:00:29","date_gmt":"2025-06-15T00:00:29","guid":{"rendered":"https:\/\/cdnoticias.com\/?p=174210"},"modified":"2025-06-14T21:00:31","modified_gmt":"2025-06-15T00:00:31","slug":"ropero-comunitario-colecta-solidaria-para-vecinos-de-distintos-barrios","status":"publish","type":"post","link":"https:\/\/cdnoticias.com\/index.php\/2025\/06\/14\/ropero-comunitario-colecta-solidaria-para-vecinos-de-distintos-barrios\/","title":{"rendered":"Ropero Comunitario: colecta solidaria para vecinos de distintos barrios\u00a0"},"content":{"rendered":"\n<p>La propuesta est\u00e1 orientada a la recolecci\u00f3n de ropa de abrigo de todos los talles. Las donaciones se reciben hasta el 27 de junio.&nbsp;<\/p>\n\n\n\n<hr class=\"wp-block-separator aligncenter has-alpha-channel-opacity\"\/>\n\n\n\n<p>Las Facultades de Ciencias Sociales, Ciencias de la Salud e Ingenier\u00eda, la Escuela Nacional Adolfo P\u00e9rez Esquivel, el Jard\u00edn Maternal Upa La L\u00e1 y el Punto de Extensi\u00f3n Territorial Olavarr\u00eda convocaron a una <strong>colecta de ropero comunitario destinada a vecinos y vecinas de distintos barrios de la localidad.<\/strong><\/p>\n\n\n\n<p><\/p>\n\n\n\n<blockquote class=\"wp-block-quote is-layout-flow wp-block-quote-is-layout-flow\">\n<p>La propuesta est\u00e1 orientada a la recolecci\u00f3n de ropa de abrigo de todos los talles (adultos\/as, j\u00f3venes y ni\u00f1os\/as), y tambi\u00e9n se recibe calzado y mantas, s\u00e1banas, frazadas y toallas que est\u00e9n en buenas condiciones. Por consultas mandar un WhatsApp al 2284 500331. <\/p>\n<\/blockquote>\n\n\n\n<p><\/p>\n\n\n\n<p>Los interesados <strong>pueden acercar las donaciones hasta el viernes 27 de junio<\/strong> y hacer llegar sus donaciones a los siguientes lugares, de <strong>lunes a viernes de 9 a 13 horas:<\/strong><\/p>\n\n\n\n<p><\/p>\n\n\n\n<p>\u2022 Mesa de Entradas y Secretar\u00eda de Extensi\u00f3n de la Facultad de Ciencias Sociales, avenida Del Valle 5737<\/p>\n\n\n\n<p>\u2022 Hall del edificio principal de la Facultad de Ingenier\u00eda, avenida Del Valle 5737<\/p>\n\n\n\n<p>\u2022 Centro de Estudiantes de la Facultad de Ciencias de la Salud, 9 de Julio 4380<\/p>\n\n\n\n<p>\u2022 Escuela Nacional Adolfo P\u00e9rez Esquivel, avenida Del Valle 5737<\/p>\n\n\n\n<p>\u2022 Jard\u00edn Maternal Upa L\u00e1 L\u00e1, avenidas Del Valle y La Rioja<\/p>\n\n\n\n<p><\/p>\n","protected":false},"excerpt":{"rendered":"<p>La propuesta est\u00e1 orientada a la recolecci\u00f3n de ropa de abrigo de todos los talles. Las donaciones se reciben hasta<\/p>\n","protected":false},"author":6,"featured_media":174212,"comment_status":"closed","ping_status":"closed","sticky":false,"template":"","format":"standard","meta":{"_jetpack_memberships_contains_paid_content":false,"footnotes":""},"categories":[5,1],"tags":[],"class_list":["post-174210","post","type-post","status-publish","format-standard","has-post-thumbnail","hentry","category-informacion-general","category-portada"],"jetpack_featured_media_url":"https:\/\/i0.wp.com\/cdnoticias.com\/wp-content\/uploads\/2025\/06\/ropero-comunitario.jpg?fit=900%2C420&ssl=1","jetpack_sharing_enabled":true,"_links":{"self":[{"href":"https:\/\/cdnoticias.com\/index.php\/wp-json\/wp\/v2\/posts\/174210","targetHints":{"allow":["GET"]}}],"collection":[{"href":"https:\/\/cdnoticias.com\/index.php\/wp-json\/wp\/v2\/posts"}],"about":[{"href":"https:\/\/cdnoticias.com\/index.php\/wp-json\/wp\/v2\/types\/post"}],"author":[{"embeddable":true,"href":"https:\/\/cdnoticias.com\/index.php\/wp-json\/wp\/v2\/users\/6"}],"replies":[{"embeddable":true,"href":"https:\/\/cdnoticias.com\/index.php\/wp-json\/wp\/v2\/comments?post=174210"}],"version-history":[{"count":0,"href":"https:\/\/cdnoticias.com\/index.php\/wp-json\/wp\/v2\/posts\/174210\/revisions"}],"wp:featuredmedia":[{"embeddable":true,"href":"https:\/\/cdnoticias.com\/index.php\/wp-json\/wp\/v2\/media\/174212"}],"wp:attachment":[{"href":"https:\/\/cdnoticias.com\/index.php\/wp-json\/wp\/v2\/media?parent=174210"}],"wp:term":[{"taxonomy":"category","embeddable":true,"href":"https:\/\/cdnoticias.com\/index.php\/wp-json\/wp\/v2\/categories?post=174210"},{"taxonomy":"post_tag","embeddable":true,"href":"https:\/\/cdnoticias.com\/index.php\/wp-json\/wp\/v2\/tags?post=174210"}],"curies":[{"name":"wp","href":"https:\/\/api.w.org\/{rel}","templated":true}]}}