{"id":174172,"date":"2025-06-14T20:00:27","date_gmt":"2025-06-14T23:00:27","guid":{"rendered":"https:\/\/cdnoticias.com\/?p=174172"},"modified":"2025-06-14T20:00:29","modified_gmt":"2025-06-14T23:00:29","slug":"mes-gano-las-elecciones-del-centro-de-estudiantes-de-facso","status":"publish","type":"post","link":"https:\/\/cdnoticias.com\/index.php\/2025\/06\/14\/mes-gano-las-elecciones-del-centro-de-estudiantes-de-facso\/","title":{"rendered":"MES gan\u00f3 las elecciones del centro de estudiantes de FACSO"},"content":{"rendered":"<p>La votaci\u00f3n se realiz\u00f3 este viernes con dos agrupaciones en competencia. Vot\u00f3 m\u00e1s de 70% del padr\u00f3n.<!--more--><\/p>\n<hr \/>\n<p>Con una <strong>amplia participaci\u00f3n de votantes<\/strong>, la <strong>Facultad de Ciencias Sociales de Unicen<\/strong> eligi\u00f3 a sus <strong>representantes estudiantiles<\/strong>.<\/p>\n<blockquote><p>La agrupaci\u00f3n del \u201cMovimiento Estudiantil de Sociales\u201d (MES) gan\u00f3 las elecciones del Centro de Estudiantes y del Co Gobierno. Result\u00f3 electa como presidenta Eugenia Uhryniuk.<\/p><\/blockquote>\n<p><strong>Se present\u00f3 adem\u00e1s la lista de agrupaci\u00f3n FEPS<\/strong> que llev\u00f3 como candidato a presidente a Pablo Honeker.<\/p>\n<p><strong>Mas del 70% del padr\u00f3n electoral concurri\u00f3 a las urnas<\/strong>, tanto en la sede de la Facultad, como en las unidades penales, adem\u00e1s de electores que votaron a distancia, enviando su sobre como establece la normativa.<\/p>\n<p>Fuente: <em>con informaci\u00f3n de Agencia Comunica Sociales<\/em><br \/>\nFoto:<em> Agencia Comunica Sociales<\/em><\/p>\n","protected":false},"excerpt":{"rendered":"<p>La votaci\u00f3n se realiz\u00f3 este viernes con dos agrupaciones en competencia. Vot\u00f3 m\u00e1s de 70% del padr\u00f3n.<\/p>\n","protected":false},"author":4,"featured_media":174173,"comment_status":"closed","ping_status":"closed","sticky":false,"template":"","format":"standard","meta":{"_jetpack_memberships_contains_paid_content":false,"footnotes":""},"categories":[4,1],"tags":[],"class_list":["post-174172","post","type-post","status-publish","format-standard","has-post-thumbnail","hentry","category-politica","category-portada"],"jetpack_featured_media_url":"https:\/\/i0.wp.com\/cdnoticias.com\/wp-content\/uploads\/2025\/06\/elecciones-facso-centro-de-estudiantes.jpg?fit=900%2C501&ssl=1","jetpack_sharing_enabled":true,"_links":{"self":[{"href":"https:\/\/cdnoticias.com\/index.php\/wp-json\/wp\/v2\/posts\/174172","targetHints":{"allow":["GET"]}}],"collection":[{"href":"https:\/\/cdnoticias.com\/index.php\/wp-json\/wp\/v2\/posts"}],"about":[{"href":"https:\/\/cdnoticias.com\/index.php\/wp-json\/wp\/v2\/types\/post"}],"author":[{"embeddable":true,"href":"https:\/\/cdnoticias.com\/index.php\/wp-json\/wp\/v2\/users\/4"}],"replies":[{"embeddable":true,"href":"https:\/\/cdnoticias.com\/index.php\/wp-json\/wp\/v2\/comments?post=174172"}],"version-history":[{"count":0,"href":"https:\/\/cdnoticias.com\/index.php\/wp-json\/wp\/v2\/posts\/174172\/revisions"}],"wp:featuredmedia":[{"embeddable":true,"href":"https:\/\/cdnoticias.com\/index.php\/wp-json\/wp\/v2\/media\/174173"}],"wp:attachment":[{"href":"https:\/\/cdnoticias.com\/index.php\/wp-json\/wp\/v2\/media?parent=174172"}],"wp:term":[{"taxonomy":"category","embeddable":true,"href":"https:\/\/cdnoticias.com\/index.php\/wp-json\/wp\/v2\/categories?post=174172"},{"taxonomy":"post_tag","embeddable":true,"href":"https:\/\/cdnoticias.com\/index.php\/wp-json\/wp\/v2\/tags?post=174172"}],"curies":[{"name":"wp","href":"https:\/\/api.w.org\/{rel}","templated":true}]}}