{"id":174167,"date":"2025-06-14T18:00:26","date_gmt":"2025-06-14T21:00:26","guid":{"rendered":"https:\/\/cdnoticias.com\/?p=174167"},"modified":"2025-06-15T09:34:45","modified_gmt":"2025-06-15T12:34:45","slug":"secuestro-de-arma-casera-en-un-allanamiento","status":"publish","type":"post","link":"https:\/\/cdnoticias.com\/index.php\/2025\/06\/14\/secuestro-de-arma-casera-en-un-allanamiento\/","title":{"rendered":"Secuestro de arma \u201ccasera\u201d en un allanamiento"},"content":{"rendered":"<p>Se investiga un caso de \u201cdisparo de arma de fuego\u201d en el que hay dos j\u00f3venes imputados. Se concretaron dos allanamientos, uno de los cuales tuvo resultado positivo.<!--more--><\/p>\n<hr \/>\n<p>Dos<strong> hombres de 20 y 24 a\u00f1os<\/strong> fueron notificados en el marco de <strong>una causa por \u201cdisparo de arma de fuego\u201d<\/strong> tras una serie de <strong>allanamientos<\/strong> realizados este viernes en distintos puntos de la ciudad.<\/p>\n<blockquote><p>Los procedimientos fueron avalados por el Juzgado de Garant\u00edas N\u00ba 2 de Olavarr\u00eda. Se concretaron en una vivienda ubicada sobre calle Cerrito al 4400 y en un segundo domicilio, de Trabajadores al 1900, con intervenci\u00f3n del Gabinete T\u00e9cnico Operativo de la Comisar\u00eda Primera de Olavarr\u00eda.<\/p><\/blockquote>\n<p>Seg\u00fan se inform\u00f3, durante el registro <strong>en uno de los domicilios se procedi\u00f3 al secuestro de un arma de fuego de elaboraci\u00f3n casera<\/strong>. Ambos hombres quedaron <strong>notificados de la formaci\u00f3n de la causa en su contra<\/strong> bajo el art\u00edculo 60 del C\u00f3digo Procesal Penal.<\/p>\n<p>La investigaci\u00f3n se encuentra en manos de la <strong>UFI N.\u00ba 7 (Unidad Fiscal de Investigaci\u00f3n), a cargo del fiscal Christian Urlezaga<\/strong>, con intervenci\u00f3n del Juzgado de Garant\u00edas a cargo del Dr. Carlos Eduardo Villamar\u00edn.<\/p>\n","protected":false},"excerpt":{"rendered":"<p>Se investiga un caso de \u201cdisparo de arma de fuego\u201d en el que hay dos j\u00f3venes imputados. Se concretaron dos<\/p>\n","protected":false},"author":4,"featured_media":174168,"comment_status":"closed","ping_status":"closed","sticky":false,"template":"","format":"standard","meta":{"_jetpack_memberships_contains_paid_content":false,"footnotes":""},"categories":[14,1],"tags":[],"class_list":["post-174167","post","type-post","status-publish","format-standard","has-post-thumbnail","hentry","category-policiales","category-portada"],"jetpack_featured_media_url":"https:\/\/i0.wp.com\/cdnoticias.com\/wp-content\/uploads\/2025\/06\/cerrito-al-4400-allanamiento.jpg?fit=800%2C445&ssl=1","jetpack_sharing_enabled":true,"_links":{"self":[{"href":"https:\/\/cdnoticias.com\/index.php\/wp-json\/wp\/v2\/posts\/174167","targetHints":{"allow":["GET"]}}],"collection":[{"href":"https:\/\/cdnoticias.com\/index.php\/wp-json\/wp\/v2\/posts"}],"about":[{"href":"https:\/\/cdnoticias.com\/index.php\/wp-json\/wp\/v2\/types\/post"}],"author":[{"embeddable":true,"href":"https:\/\/cdnoticias.com\/index.php\/wp-json\/wp\/v2\/users\/4"}],"replies":[{"embeddable":true,"href":"https:\/\/cdnoticias.com\/index.php\/wp-json\/wp\/v2\/comments?post=174167"}],"version-history":[{"count":0,"href":"https:\/\/cdnoticias.com\/index.php\/wp-json\/wp\/v2\/posts\/174167\/revisions"}],"wp:featuredmedia":[{"embeddable":true,"href":"https:\/\/cdnoticias.com\/index.php\/wp-json\/wp\/v2\/media\/174168"}],"wp:attachment":[{"href":"https:\/\/cdnoticias.com\/index.php\/wp-json\/wp\/v2\/media?parent=174167"}],"wp:term":[{"taxonomy":"category","embeddable":true,"href":"https:\/\/cdnoticias.com\/index.php\/wp-json\/wp\/v2\/categories?post=174167"},{"taxonomy":"post_tag","embeddable":true,"href":"https:\/\/cdnoticias.com\/index.php\/wp-json\/wp\/v2\/tags?post=174167"}],"curies":[{"name":"wp","href":"https:\/\/api.w.org\/{rel}","templated":true}]}}