{"id":17416,"date":"2021-03-29T12:56:54","date_gmt":"2021-03-29T15:56:54","guid":{"rendered":"http:\/\/www.centraldenoticias.com.ar\/?p=17416"},"modified":"2021-03-29T12:56:54","modified_gmt":"2021-03-29T15:56:54","slug":"habra-inminentes-anuncios-restrictivos-por-la-segunda-ola-de-covid-en-provincia","status":"publish","type":"post","link":"https:\/\/cdnoticias.com\/index.php\/2021\/03\/29\/habra-inminentes-anuncios-restrictivos-por-la-segunda-ola-de-covid-en-provincia\/","title":{"rendered":"Habr\u00e1 \u201cinminentes anuncios\u201d restrictivos por la segunda ola de COVID en Provincia"},"content":{"rendered":"<p>As\u00ed fue confirmado por el Ministro de Salud de Provincia, Daniel Goll\u00e1n. Se evaluar\u00e1n medidas, se consensuar\u00e1 con intendentes, y este martes podr\u00edan anunciarse.\u00a0<!--more--><\/p>\n<hr \/>\n<p>Ante la importante suba de casos en toda la Provincia de Buenos Aires -Olavarr\u00eda incluso qued\u00f3 en \u201czona de riesgo\u201d- <strong>el gobierno provincial confirm\u00f3 que es \u201cinminente\u201d el anuncio de medidas restrictivas para intentar frenar la segunda ola de COVID en todo el territorio bonaerense.<\/strong><\/p>\n<p>&nbsp;<\/p>\n<p>El jefe de asesores del Ministerio de Salud, Enio Garc\u00eda, confirm\u00f3 que lo que se eval\u00faa es \u201c<strong><em>empezar con restricciones vinculadas a actividades recreativas, el tema de los horarios puede ser una medida. Por ah\u00ed no cerrar los bares sino tratar que la asistencia sea en las veredas y terrazas\u201d.<\/em><\/strong><\/p>\n<p>&nbsp;<\/p>\n<blockquote><p>Las medidas que se tomen ser\u00e1n graduales dado que todav\u00eda \u201chay margen\u201d para avanzar con controles. \u201cQue sea algo m\u00e1s escalonado para evitar impulsar medidas sanitarias como las que adopt\u00f3 Chile, que la semana pasada comenz\u00f3 una gran cuarentena\u201d, apunt\u00f3.<\/p><\/blockquote>\n<p>&nbsp;<\/p>\n<p>Goll\u00e1n, por su parte, indic\u00f3 que <strong>este martes anunciar\u00e1n medidas dado que \u201clleg\u00f3\u201d la segunda ola de casos.<\/strong> En primera instancia, se reunir\u00e1n con el grupo de expertos epidemi\u00f3logos para ver de qu\u00e9 forma se pueden tomar decisiones que no afecten la econom\u00eda y, posteriormente, se consensuar\u00e1 con los intendentes de los distritos para terminar de delinear la decisi\u00f3n.<\/p>\n<p>&nbsp;<\/p>\n<blockquote><p>\u201cAument\u00f3 la ocupaci\u00f3n de camas de terapia intensiva, se podr\u00eda decir que empez\u00f3 la segunda ola, es una tendencia que no ve posibilidades de ir bajando por lo menos a corto plazo\u201d, dijo por su parte Garc\u00eda.<\/p><\/blockquote>\n<p>&nbsp;<\/p>\n<p>El sanitarista coment\u00f3 que <strong>tambi\u00e9n aumentaron otros indicadores, como la positividad de los testeos en la provincia de Buenos Aires<\/strong>, por lo que admiti\u00f3 que se eval\u00faan nuevas restricciones con el objetivo de achatar la curva de contagios.<\/p>\n<p>&nbsp;<\/p>\n<p>El funcionario precis\u00f3 que en la provincia de Buenos Aires ya fueron detectados casos de coronavirus con las variantes de Manaos y el Reino Unido, m\u00e1s contagiosas, remarc\u00f3 que por ahora no hay \u201ccirculaci\u00f3n comunitaria\u201d, aunque no descart\u00f3 que eso pueda ocurrir, ya que en la Ciudad de Buenos Aires <strong><em>\u201cs\u00ed hay casos sin nexo epidemiol\u00f3gico de ambas cepas\u201d.<\/em><\/strong><\/p>\n<p>&nbsp;<\/p>\n<p>Al ser consultado sobre la campa\u00f1a de vacunaci\u00f3n, Garc\u00eda dijo que la provincia tiene la <em>\u201ccapacidad de ampliar la capacidad, cuando lleguen m\u00e1s dosis\u201d.<\/em><\/p>\n<p>&nbsp;<\/p>\n<p><strong><em>\u201cEs dif\u00edcil que uno vaya abriendo postas si no hay m\u00e1s dosis, si tenemos el suministro m\u00e1s previsible, uno puede planificar mejor y abrir m\u00e1s postas para reforzar\u201d<\/em><\/strong>, inform\u00f3.<em> \u201cTuvimos picos de m\u00e1s de 60 mil vacunados en un d\u00eda, y podemos ampliar eso, en la medida que nos den m\u00e1s previsibilidad sobre la llegada de las dosis\u201d<\/em>, apunt\u00f3.<\/p>\n","protected":false},"excerpt":{"rendered":"<p>As\u00ed fue confirmado por el Ministro de Salud de Provincia, Daniel Goll\u00e1n. Se evaluar\u00e1n medidas, se consensuar\u00e1 con intendentes, y<\/p>\n","protected":false},"author":2,"featured_media":9008,"comment_status":"closed","ping_status":"closed","sticky":false,"template":"","format":"standard","meta":{"_jetpack_memberships_contains_paid_content":false,"footnotes":""},"categories":[6,1],"tags":[],"class_list":["post-17416","post","type-post","status-publish","format-standard","has-post-thumbnail","hentry","category-nacionales","category-portada"],"jetpack_featured_media_url":"https:\/\/i0.wp.com\/cdnoticias.com\/wp-content\/uploads\/2020\/12\/conferencia-gollan-800x445.jpg?fit=992%2C552&ssl=1","jetpack_sharing_enabled":true,"_links":{"self":[{"href":"https:\/\/cdnoticias.com\/index.php\/wp-json\/wp\/v2\/posts\/17416","targetHints":{"allow":["GET"]}}],"collection":[{"href":"https:\/\/cdnoticias.com\/index.php\/wp-json\/wp\/v2\/posts"}],"about":[{"href":"https:\/\/cdnoticias.com\/index.php\/wp-json\/wp\/v2\/types\/post"}],"author":[{"embeddable":true,"href":"https:\/\/cdnoticias.com\/index.php\/wp-json\/wp\/v2\/users\/2"}],"replies":[{"embeddable":true,"href":"https:\/\/cdnoticias.com\/index.php\/wp-json\/wp\/v2\/comments?post=17416"}],"version-history":[{"count":0,"href":"https:\/\/cdnoticias.com\/index.php\/wp-json\/wp\/v2\/posts\/17416\/revisions"}],"wp:featuredmedia":[{"embeddable":true,"href":"https:\/\/cdnoticias.com\/index.php\/wp-json\/wp\/v2\/media\/9008"}],"wp:attachment":[{"href":"https:\/\/cdnoticias.com\/index.php\/wp-json\/wp\/v2\/media?parent=17416"}],"wp:term":[{"taxonomy":"category","embeddable":true,"href":"https:\/\/cdnoticias.com\/index.php\/wp-json\/wp\/v2\/categories?post=17416"},{"taxonomy":"post_tag","embeddable":true,"href":"https:\/\/cdnoticias.com\/index.php\/wp-json\/wp\/v2\/tags?post=17416"}],"curies":[{"name":"wp","href":"https:\/\/api.w.org\/{rel}","templated":true}]}}