{"id":174149,"date":"2025-06-14T13:12:01","date_gmt":"2025-06-14T16:12:01","guid":{"rendered":"https:\/\/cdnoticias.com\/?p=174149"},"modified":"2025-06-14T18:00:44","modified_gmt":"2025-06-14T21:00:44","slug":"un-adolescente-herido-en-un-siniestro-vial-en-una-rotonda","status":"publish","type":"post","link":"https:\/\/cdnoticias.com\/index.php\/2025\/06\/14\/un-adolescente-herido-en-un-siniestro-vial-en-una-rotonda\/","title":{"rendered":"Un adolescente, herido en un siniestro vial en una rotonda"},"content":{"rendered":"<p>Un auto choc\u00f3 con una bicicleta en Col\u00f3n y Urquiza. El hecho de tr\u00e1nsito se dio poco antes del mediod\u00eda de este s\u00e1bado.<!--more--><\/p>\n<hr \/>\n<p>Un<strong> joven ciclista<\/strong> result\u00f3<strong> herido<\/strong> en un<strong> siniestro vial<\/strong> registrado poco antes de las 12 de este s\u00e1bado.<\/p>\n<p>En <strong>Col\u00f3n y Urquiza<\/strong>, donde el cruce cuenta con una <strong>rotonda<\/strong>, chocaron un <strong>auto VW Gol y una bicicleta.<\/strong><\/p>\n<p><img data-recalc-dims=\"1\" loading=\"lazy\" decoding=\"async\" class=\"alignnone size-full wp-image-174152 aligncenter\" src=\"https:\/\/i0.wp.com\/cdnoticias.com\/wp-content\/uploads\/2025\/06\/urquiza-y-colon-choque-01.jpg?resize=800%2C446&#038;ssl=1\" alt=\"\" width=\"800\" height=\"446\" srcset=\"https:\/\/i0.wp.com\/cdnoticias.com\/wp-content\/uploads\/2025\/06\/urquiza-y-colon-choque-01.jpg?w=1000&amp;ssl=1 1000w, https:\/\/i0.wp.com\/cdnoticias.com\/wp-content\/uploads\/2025\/06\/urquiza-y-colon-choque-01.jpg?resize=300%2C167&amp;ssl=1 300w, https:\/\/i0.wp.com\/cdnoticias.com\/wp-content\/uploads\/2025\/06\/urquiza-y-colon-choque-01.jpg?resize=768%2C428&amp;ssl=1 768w, https:\/\/i0.wp.com\/cdnoticias.com\/wp-content\/uploads\/2025\/06\/urquiza-y-colon-choque-01.jpg?resize=800%2C445&amp;ssl=1 800w\" sizes=\"auto, (max-width: 800px) 100vw, 800px\" \/><\/p>\n<blockquote><p>A bordo de la bicicleta transitaba un adolescente de 16 a\u00f1os quien result\u00f3 herido. Fue trasladado al Hospital Municipal recibir atenci\u00f3n m\u00e9dica.<\/p><\/blockquote>\n<p>En tanto, <strong>personal policial del CPO resguard\u00f3 la escena<\/strong> del choque al tiempo que tambi\u00e9n <strong>cortaron el tr\u00e1nsito<\/strong> sobre la avenida Col\u00f3n a la altura de Berutti en mano hacia las v\u00edas. De igual manera, se impidi\u00f3 la circulaci\u00f3n por la rotonda sobre la avenida Urquiza en sentido hacia avenida Sarmiento.<\/p>\n","protected":false},"excerpt":{"rendered":"<p>Un auto choc\u00f3 con una bicicleta en Col\u00f3n y Urquiza. El hecho de tr\u00e1nsito se dio poco antes del mediod\u00eda<\/p>\n","protected":false},"author":4,"featured_media":174151,"comment_status":"closed","ping_status":"closed","sticky":false,"template":"","format":"standard","meta":{"_jetpack_memberships_contains_paid_content":false,"footnotes":""},"categories":[14,1],"tags":[],"class_list":["post-174149","post","type-post","status-publish","format-standard","has-post-thumbnail","hentry","category-policiales","category-portada"],"jetpack_featured_media_url":"https:\/\/i0.wp.com\/cdnoticias.com\/wp-content\/uploads\/2025\/06\/urquiza-y-colon-choque-00.jpg?fit=1000%2C556&ssl=1","jetpack_sharing_enabled":true,"_links":{"self":[{"href":"https:\/\/cdnoticias.com\/index.php\/wp-json\/wp\/v2\/posts\/174149","targetHints":{"allow":["GET"]}}],"collection":[{"href":"https:\/\/cdnoticias.com\/index.php\/wp-json\/wp\/v2\/posts"}],"about":[{"href":"https:\/\/cdnoticias.com\/index.php\/wp-json\/wp\/v2\/types\/post"}],"author":[{"embeddable":true,"href":"https:\/\/cdnoticias.com\/index.php\/wp-json\/wp\/v2\/users\/4"}],"replies":[{"embeddable":true,"href":"https:\/\/cdnoticias.com\/index.php\/wp-json\/wp\/v2\/comments?post=174149"}],"version-history":[{"count":0,"href":"https:\/\/cdnoticias.com\/index.php\/wp-json\/wp\/v2\/posts\/174149\/revisions"}],"wp:featuredmedia":[{"embeddable":true,"href":"https:\/\/cdnoticias.com\/index.php\/wp-json\/wp\/v2\/media\/174151"}],"wp:attachment":[{"href":"https:\/\/cdnoticias.com\/index.php\/wp-json\/wp\/v2\/media?parent=174149"}],"wp:term":[{"taxonomy":"category","embeddable":true,"href":"https:\/\/cdnoticias.com\/index.php\/wp-json\/wp\/v2\/categories?post=174149"},{"taxonomy":"post_tag","embeddable":true,"href":"https:\/\/cdnoticias.com\/index.php\/wp-json\/wp\/v2\/tags?post=174149"}],"curies":[{"name":"wp","href":"https:\/\/api.w.org\/{rel}","templated":true}]}}