{"id":174147,"date":"2025-06-14T12:55:33","date_gmt":"2025-06-14T15:55:33","guid":{"rendered":"https:\/\/cdnoticias.com\/?p=174147"},"modified":"2025-06-14T12:55:34","modified_gmt":"2025-06-14T15:55:34","slug":"eduardo-alberto-bouciguez-negro-q-e-p-d","status":"publish","type":"post","link":"https:\/\/cdnoticias.com\/index.php\/2025\/06\/14\/eduardo-alberto-bouciguez-negro-q-e-p-d\/","title":{"rendered":"Eduardo Alberto Bouciguez &#8220;Negro&#8221; (Q.E.P.D.)"},"content":{"rendered":"<p>Falleci\u00f3 en Olavarr\u00eda el 14 de junio de 2025 a los 81 a\u00f1os. <\/p>\n<p>Sus hijos Eduardo, Mar\u00eda Luj\u00e1n, Karina y Silvana. Sus hijos pol\u00edticos Karina Sciales, Walter Alonso, Marcelo Di Cesare y Leonardo Gelso. Sus nietos Facundo, Felipe, Sof\u00eda, Genaro, Luc\u00eda, Agust\u00edn, Fausto y dem\u00e1s deudos participan su fallecimiento.<\/p>\n<p>Sus restos ser\u00e1n velados desde las 15 horas del s\u00e1bado 14 de junio en la Sala de Espa\u00f1a 2942 departamento \u201cF\u201d. Responso en la Capilla Ardiente. Inhumados en el Cementerio Municipal de Olavarr\u00eda el domingo 15 de junio a las 11:30 horas. <\/p>\n<p>Nacido en Olavarr\u00eda, vecino de barrio Pueblo Nuevo, empresario.<\/p>\n","protected":false},"excerpt":{"rendered":"<p>Falleci\u00f3 en Olavarr\u00eda el 14 de junio de 2025 a los 81 a\u00f1os. Sus hijos Eduardo, Mar\u00eda Luj\u00e1n, Karina y<\/p>\n","protected":false},"author":4,"featured_media":51544,"comment_status":"closed","ping_status":"closed","sticky":false,"template":"","format":"standard","meta":{"_jetpack_memberships_contains_paid_content":false,"footnotes":""},"categories":[10],"tags":[],"class_list":["post-174147","post","type-post","status-publish","format-standard","has-post-thumbnail","hentry","category-necrologicas"],"jetpack_featured_media_url":"https:\/\/i0.wp.com\/cdnoticias.com\/wp-content\/uploads\/2022\/04\/necrologicas-390-x-240.jpg?fit=390%2C240&ssl=1","jetpack_sharing_enabled":true,"_links":{"self":[{"href":"https:\/\/cdnoticias.com\/index.php\/wp-json\/wp\/v2\/posts\/174147","targetHints":{"allow":["GET"]}}],"collection":[{"href":"https:\/\/cdnoticias.com\/index.php\/wp-json\/wp\/v2\/posts"}],"about":[{"href":"https:\/\/cdnoticias.com\/index.php\/wp-json\/wp\/v2\/types\/post"}],"author":[{"embeddable":true,"href":"https:\/\/cdnoticias.com\/index.php\/wp-json\/wp\/v2\/users\/4"}],"replies":[{"embeddable":true,"href":"https:\/\/cdnoticias.com\/index.php\/wp-json\/wp\/v2\/comments?post=174147"}],"version-history":[{"count":0,"href":"https:\/\/cdnoticias.com\/index.php\/wp-json\/wp\/v2\/posts\/174147\/revisions"}],"wp:featuredmedia":[{"embeddable":true,"href":"https:\/\/cdnoticias.com\/index.php\/wp-json\/wp\/v2\/media\/51544"}],"wp:attachment":[{"href":"https:\/\/cdnoticias.com\/index.php\/wp-json\/wp\/v2\/media?parent=174147"}],"wp:term":[{"taxonomy":"category","embeddable":true,"href":"https:\/\/cdnoticias.com\/index.php\/wp-json\/wp\/v2\/categories?post=174147"},{"taxonomy":"post_tag","embeddable":true,"href":"https:\/\/cdnoticias.com\/index.php\/wp-json\/wp\/v2\/tags?post=174147"}],"curies":[{"name":"wp","href":"https:\/\/api.w.org\/{rel}","templated":true}]}}