{"id":174142,"date":"2025-06-14T11:16:02","date_gmt":"2025-06-14T14:16:02","guid":{"rendered":"https:\/\/cdnoticias.com\/?p=174142"},"modified":"2025-06-14T14:49:35","modified_gmt":"2025-06-14T17:49:35","slug":"tres-allanamientos-dieron-con-chocolates-y-cigarrillos-robados-de-un-kiosco","status":"publish","type":"post","link":"https:\/\/cdnoticias.com\/index.php\/2025\/06\/14\/tres-allanamientos-dieron-con-chocolates-y-cigarrillos-robados-de-un-kiosco\/","title":{"rendered":"Tres allanamientos: dieron con chocolates y cigarrillos robados de un kiosco"},"content":{"rendered":"<p>Dos j\u00f3venes de 21 y 24 a\u00f1os quedaron imputados. Los procedimientos se realizaron este viernes.<!--more--><\/p>\n<hr \/>\n<p>Mediante<strong> tres allanamientos<\/strong> con resultados <strong>positivos<\/strong> lograron dar con elementos probatorios para <strong>establecer la autor\u00eda de un robo<\/strong> registrado en un comercio de nuestra ciudad.<\/p>\n<p>Este viernes se concretaron las actuaciones en <strong>tres viviendas<\/strong> de la ciudad. Fueron hallados <strong>paquetes de chocolates y de cigarrillos<\/strong>, los cuales hab\u00edan sido denunciados como robados de un kiosco. Dos <strong>hombres j\u00f3venes de 21 y 24 a\u00f1os<\/strong> quedaron <strong>imputados<\/strong> como los autores del robo al comercio ubicado sobre avenida Avellaneda.<\/p>\n<p>El <strong>Juzgado de Garant\u00edas N\u00ba 2<\/strong> de Olavarr\u00eda aval\u00f3 las solicitudes de la <strong>UFI N\u00ba 10<\/strong> para concretar los procedimientos que fueron encabezados por personal de la <strong>Comisar\u00eda Segunda<\/strong>. Intervinieron adem\u00e1s efectivos de la <strong>Sub DDI, Subcomisar\u00eda Loma Negra y de UTOI.<\/strong><\/p>\n<blockquote><p>Las actuaciones se llevaron adelante en Aguilar al 800, calle 18 al 3500 y Amparo Castro al 3600. Cabe resaltar que los dos primeros domicilios se ubican en cercan\u00edas al comercio que fue blanco del robo.<\/p><\/blockquote>\n<p>En todos los casos se hallaron art\u00edculos relacionados al delito investigado. Fueron secuestrados <strong>21 cajas de cigarrillo, siete envoltorios de chocolate y prendas de vestir<\/strong>.<\/p>\n<p>Los<strong> acusados fueron notificados<\/strong> de las actuaciones en su contra caratuladas<strong> \u201crobo\u201d<\/strong>.<\/p>\n","protected":false},"excerpt":{"rendered":"<p>Dos j\u00f3venes de 21 y 24 a\u00f1os quedaron imputados. Los procedimientos se realizaron este viernes.<\/p>\n","protected":false},"author":4,"featured_media":174143,"comment_status":"closed","ping_status":"closed","sticky":false,"template":"","format":"standard","meta":{"_jetpack_memberships_contains_paid_content":false,"footnotes":""},"categories":[14,1],"tags":[],"class_list":["post-174142","post","type-post","status-publish","format-standard","has-post-thumbnail","hentry","category-policiales","category-portada"],"jetpack_featured_media_url":"https:\/\/i0.wp.com\/cdnoticias.com\/wp-content\/uploads\/2025\/06\/allanamientos-robo-kiosco-00.jpg?fit=800%2C445&ssl=1","jetpack_sharing_enabled":true,"_links":{"self":[{"href":"https:\/\/cdnoticias.com\/index.php\/wp-json\/wp\/v2\/posts\/174142","targetHints":{"allow":["GET"]}}],"collection":[{"href":"https:\/\/cdnoticias.com\/index.php\/wp-json\/wp\/v2\/posts"}],"about":[{"href":"https:\/\/cdnoticias.com\/index.php\/wp-json\/wp\/v2\/types\/post"}],"author":[{"embeddable":true,"href":"https:\/\/cdnoticias.com\/index.php\/wp-json\/wp\/v2\/users\/4"}],"replies":[{"embeddable":true,"href":"https:\/\/cdnoticias.com\/index.php\/wp-json\/wp\/v2\/comments?post=174142"}],"version-history":[{"count":0,"href":"https:\/\/cdnoticias.com\/index.php\/wp-json\/wp\/v2\/posts\/174142\/revisions"}],"wp:featuredmedia":[{"embeddable":true,"href":"https:\/\/cdnoticias.com\/index.php\/wp-json\/wp\/v2\/media\/174143"}],"wp:attachment":[{"href":"https:\/\/cdnoticias.com\/index.php\/wp-json\/wp\/v2\/media?parent=174142"}],"wp:term":[{"taxonomy":"category","embeddable":true,"href":"https:\/\/cdnoticias.com\/index.php\/wp-json\/wp\/v2\/categories?post=174142"},{"taxonomy":"post_tag","embeddable":true,"href":"https:\/\/cdnoticias.com\/index.php\/wp-json\/wp\/v2\/tags?post=174142"}],"curies":[{"name":"wp","href":"https:\/\/api.w.org\/{rel}","templated":true}]}}