{"id":174136,"date":"2025-06-13T20:38:49","date_gmt":"2025-06-13T23:38:49","guid":{"rendered":"https:\/\/cdnoticias.com\/?p=174136"},"modified":"2025-06-14T13:16:34","modified_gmt":"2025-06-14T16:16:34","slug":"circulaba-en-una-moto-con-pedido-de-secuestro-y-termino-aprehendido","status":"publish","type":"post","link":"https:\/\/cdnoticias.com\/index.php\/2025\/06\/13\/circulaba-en-una-moto-con-pedido-de-secuestro-y-termino-aprehendido\/","title":{"rendered":"Circulaba en una moto con pedido de secuestro y termin\u00f3 aprehendido"},"content":{"rendered":"\n<p>Fue este \u00faltimo jueves en la zona de Del Valle y Piedras. La motocicleta registraba un pedido de secuestro activo por un hurto en 2021.&nbsp;<\/p>\n\n\n\n<hr class=\"wp-block-separator aligncenter has-alpha-channel-opacity\"\/>\n\n\n\n<p>Un hombre de 46 a\u00f1os fue <strong>demorado este jueves en inmediaciones de las avenidas Del Valle e Ituzaing\u00f3, durante un operativo de control dispuesto por personal del Comando de Patrullas.<\/strong><\/p>\n\n\n\n<p>Seg\u00fan se inform\u00f3, la intervenci\u00f3n ocurri\u00f3 en el marco de recorridas est\u00e1ticas y din\u00e1micas orientadas a la prevenci\u00f3n de il\u00edcitos, especialmente bajo la modalidad motochorro. En ese contexto,<strong> efectivos identificaron a un hombre que circulaba por la zona con una motocicleta de tiro, marca Motomel modelo Skua 150 cc, sin dominio colocado.<\/strong><\/p>\n\n\n\n<figure class=\"wp-block-image size-large\"><img data-recalc-dims=\"1\" loading=\"lazy\" decoding=\"async\" width=\"800\" height=\"491\" src=\"https:\/\/i0.wp.com\/cdnoticias.com\/wp-content\/uploads\/2025\/06\/WhatsApp-Image-2025-06-13-at-19.31.16-1.jpeg?resize=800%2C491&#038;ssl=1\" alt=\"\" class=\"wp-image-174138\" srcset=\"https:\/\/i0.wp.com\/cdnoticias.com\/wp-content\/uploads\/2025\/06\/WhatsApp-Image-2025-06-13-at-19.31.16-1.jpeg?resize=1024%2C628&amp;ssl=1 1024w, https:\/\/i0.wp.com\/cdnoticias.com\/wp-content\/uploads\/2025\/06\/WhatsApp-Image-2025-06-13-at-19.31.16-1.jpeg?resize=300%2C184&amp;ssl=1 300w, https:\/\/i0.wp.com\/cdnoticias.com\/wp-content\/uploads\/2025\/06\/WhatsApp-Image-2025-06-13-at-19.31.16-1.jpeg?resize=768%2C471&amp;ssl=1 768w, https:\/\/i0.wp.com\/cdnoticias.com\/wp-content\/uploads\/2025\/06\/WhatsApp-Image-2025-06-13-at-19.31.16-1.jpeg?w=1204&amp;ssl=1 1204w\" sizes=\"auto, (max-width: 800px) 100vw, 800px\" \/><\/figure>\n\n\n\n<p>Tras verificar los datos del rodado, <strong>se estableci\u00f3 que la motocicleta registraba un pedido de secuestro activo desde el 19 de septiembre de 2021, bajo la car\u00e1tula \u201churto ciclomotor\u201d. La orden hab\u00eda sido emitida por el Juzgado de Garant\u00edas N.\u00ba 1 de Olavarr\u00eda, a cargo del Dr. Villamar\u00edn.<\/strong><\/p>\n\n\n\n<p>El veh\u00edculo fue secuestrado y el hombre trasladado a la dependencia policial, donde se labraron actuaciones por \u201c<em><strong>encubrimiento \u2013 secuestro activo\u201d<\/strong><\/em>, con intervenci\u00f3n de la UFI (Unidad Fiscal de Investigaci\u00f3n) N.\u00ba 10.<\/p>\n","protected":false},"excerpt":{"rendered":"<p>Fue este \u00faltimo jueves en la zona de Del Valle y Piedras. La motocicleta registraba un pedido de secuestro activo<\/p>\n","protected":false},"author":2,"featured_media":174137,"comment_status":"closed","ping_status":"closed","sticky":false,"template":"","format":"standard","meta":{"_jetpack_memberships_contains_paid_content":false,"footnotes":""},"categories":[14,1],"tags":[],"class_list":["post-174136","post","type-post","status-publish","format-standard","has-post-thumbnail","hentry","category-policiales","category-portada"],"jetpack_featured_media_url":"https:\/\/i0.wp.com\/cdnoticias.com\/wp-content\/uploads\/2025\/06\/WhatsApp-Image-2025-06-13-at-19.31.16.jpeg?fit=1192%2C620&ssl=1","jetpack_sharing_enabled":true,"_links":{"self":[{"href":"https:\/\/cdnoticias.com\/index.php\/wp-json\/wp\/v2\/posts\/174136","targetHints":{"allow":["GET"]}}],"collection":[{"href":"https:\/\/cdnoticias.com\/index.php\/wp-json\/wp\/v2\/posts"}],"about":[{"href":"https:\/\/cdnoticias.com\/index.php\/wp-json\/wp\/v2\/types\/post"}],"author":[{"embeddable":true,"href":"https:\/\/cdnoticias.com\/index.php\/wp-json\/wp\/v2\/users\/2"}],"replies":[{"embeddable":true,"href":"https:\/\/cdnoticias.com\/index.php\/wp-json\/wp\/v2\/comments?post=174136"}],"version-history":[{"count":0,"href":"https:\/\/cdnoticias.com\/index.php\/wp-json\/wp\/v2\/posts\/174136\/revisions"}],"wp:featuredmedia":[{"embeddable":true,"href":"https:\/\/cdnoticias.com\/index.php\/wp-json\/wp\/v2\/media\/174137"}],"wp:attachment":[{"href":"https:\/\/cdnoticias.com\/index.php\/wp-json\/wp\/v2\/media?parent=174136"}],"wp:term":[{"taxonomy":"category","embeddable":true,"href":"https:\/\/cdnoticias.com\/index.php\/wp-json\/wp\/v2\/categories?post=174136"},{"taxonomy":"post_tag","embeddable":true,"href":"https:\/\/cdnoticias.com\/index.php\/wp-json\/wp\/v2\/tags?post=174136"}],"curies":[{"name":"wp","href":"https:\/\/api.w.org\/{rel}","templated":true}]}}