{"id":174129,"date":"2025-06-13T20:12:15","date_gmt":"2025-06-13T23:12:15","guid":{"rendered":"https:\/\/cdnoticias.com\/?p=174129"},"modified":"2025-06-14T13:16:26","modified_gmt":"2025-06-14T16:16:26","slug":"desmintieron-el-comunicado-del-pro-por-el-fentanilo-se-saco-la-segunda-semana-de-mayo","status":"publish","type":"post","link":"https:\/\/cdnoticias.com\/index.php\/2025\/06\/13\/desmintieron-el-comunicado-del-pro-por-el-fentanilo-se-saco-la-segunda-semana-de-mayo\/","title":{"rendered":"El Municipio dio su versi\u00f3n por las ampollas de fentanilo: \u201cse sac\u00f3 la segunda semana de mayo\u201d"},"content":{"rendered":"\n<p>Desde el Hospital Municipal cruzaron a los concejales del gallismo, explicaron c\u00f3mo se aplic\u00f3 el protocolo e incluso se\u00f1alaron que la imagen emitida es de soluci\u00f3n fisiol\u00f3gica \u201cque tampoco se est\u00e1 usando, se puso en cuarentena toda la medicaci\u00f3n de ese laboratorio desde el primer d\u00eda\u201d.<\/p>\n\n\n\n<hr class=\"wp-block-separator aligncenter has-alpha-channel-opacity\"\/>\n\n\n\n<p>Tras el <strong>comunicado de los bloques del PRO-ERF y Juntos por Olavarr\u00eda por la presencia en el Hospital de fentanilo del laboratorio HLB Pharma, prohibido por Anmat semanas atr\u00e1s, desde el Hospital Municipal dieron otra versi\u00f3n y se\u00f1alaron que la segunda semana de mayo se sac\u00f3 de circulaci\u00f3n dichas ampollas<\/strong>. Incluso, desmintieron la imagen con la que fue emitido el comunicado, ya que se trata de otro medicamento del laboratorio que fue puesto en cuarentena.\u00a0<\/p>\n\n\n\n<figure class=\"wp-block-embed is-type-wp-embed is-provider-central-de-noticias-olavarr-a wp-block-embed-central-de-noticias-olavarr-a\"><div class=\"wp-block-embed__wrapper\">\n<blockquote class=\"wp-embedded-content\" data-secret=\"dWL4leJSOg\"><a href=\"https:\/\/cdnoticias.com\/index.php\/2025\/06\/13\/fentanilo-el-gallismo-denuncio-que-aun-hay-en-el-hospital-ampollas-del-laboratorio-suspendido-por-anmat\/\">Fentanilo: el gallismo denunci\u00f3 que a\u00fan hay en el Hospital ampollas del laboratorio suspendido por Anmat<\/a><\/blockquote><iframe loading=\"lazy\" class=\"wp-embedded-content\" sandbox=\"allow-scripts\" security=\"restricted\" style=\"position: absolute; visibility: hidden;\" title=\"&#8220;Fentanilo: el gallismo denunci\u00f3 que a\u00fan hay en el Hospital ampollas del laboratorio suspendido por Anmat&#8221; &#8212; Central de Noticias | Olavarr\u00eda\" src=\"https:\/\/cdnoticias.com\/index.php\/2025\/06\/13\/fentanilo-el-gallismo-denuncio-que-aun-hay-en-el-hospital-ampollas-del-laboratorio-suspendido-por-anmat\/embed\/#?secret=x820KapXLg#?secret=dWL4leJSOg\" data-secret=\"dWL4leJSOg\" width=\"600\" height=\"338\" frameborder=\"0\" marginwidth=\"0\" marginheight=\"0\" scrolling=\"no\"><\/iframe>\n<\/div><\/figure>\n\n\n\n<p>Fue en voz del <strong>director del Hospital Municipal Dr H\u00e9ctor Cura, Fernando Al\u00ed, quien brind\u00f3 informaci\u00f3n detallada sobre todo el protocolo activado inmediatamente <\/strong>que la Administraci\u00f3n Nacional de Medicamentos, Alimentos y Tecnolog\u00eda M\u00e9dica (ANMAT) mediante la disposici\u00f3n \u00b0N 3158 del d\u00eda 13 de Mayo de 2025 prohibi\u00f3 el uso, distribuci\u00f3n y comercializaci\u00f3n en todo el territorio de la Rep\u00fablica Argentina, de todos los productos registrados anombre de la firma HLB Pharma.<\/p>\n\n\n\n<figure class=\"wp-block-image size-full\"><img data-recalc-dims=\"1\" loading=\"lazy\" decoding=\"async\" width=\"800\" height=\"445\" src=\"https:\/\/i0.wp.com\/cdnoticias.com\/wp-content\/uploads\/2024\/10\/HCD-comision-de-salud-fernando-ali-01.jpg?resize=800%2C445&#038;ssl=1\" alt=\"\" class=\"wp-image-126897\" srcset=\"https:\/\/i0.wp.com\/cdnoticias.com\/wp-content\/uploads\/2024\/10\/HCD-comision-de-salud-fernando-ali-01.jpg?w=1000&amp;ssl=1 1000w, https:\/\/i0.wp.com\/cdnoticias.com\/wp-content\/uploads\/2024\/10\/HCD-comision-de-salud-fernando-ali-01.jpg?resize=300%2C167&amp;ssl=1 300w, https:\/\/i0.wp.com\/cdnoticias.com\/wp-content\/uploads\/2024\/10\/HCD-comision-de-salud-fernando-ali-01.jpg?resize=768%2C427&amp;ssl=1 768w, https:\/\/i0.wp.com\/cdnoticias.com\/wp-content\/uploads\/2024\/10\/HCD-comision-de-salud-fernando-ali-01.jpg?resize=800%2C445&amp;ssl=1 800w\" sizes=\"auto, (max-width: 800px) 100vw, 800px\" \/><\/figure>\n\n\n\n<p>La disposici\u00f3n del Ministerio de Salud de la Provincia de Buenos Aires inform\u00f3 a todos los efectores que componen el sistema de salud, que los productos de las firmas mencionadas deb\u00edan dejar de utilizarse, y<strong> desde ese momento -el mismo 13 de mayo- se aplic\u00f3 la medida en farmacia central y comenz\u00f3 a retirarse de servicios del Hospital y CAPS. Todo se envi\u00f3 al dep\u00f3sito central en cuarentena.&nbsp;<\/strong><\/p>\n\n\n\n<p>En esa l\u00ednea se gestionaron los medios para <em><strong>\u201csuspender el uso y la dispensaci\u00f3n de todos los productos elaborados por la firma HLB Pharma Group S.A., se retir\u00f3 el stock activo, almacenamiento y circulaci\u00f3n interna de cualquier medicamento o insumo fabricado por HLB Pharma o Laboratorios Ramallo S.R.L\u201d.<\/strong><\/em> Se <strong>registraron y aislaron los lotes identificados<\/strong>, asegurando su no utilizaci\u00f3n<em> \u201chasta tanto se determine su destino final por parte de la autoridad competente\u201d.<\/em><\/p>\n\n\n\n<p>Esta medida adem\u00e1s se reforz\u00f3 y qued\u00f3 plasmada en una <strong>circular enviada a los jefes de servicio el d\u00eda mi\u00e9rcoles 14 de mayo 2025, con asunto: Suspensi\u00f3n de uso y dispensaci\u00f3n de productos HLB Pharma Group SA.<\/strong><\/p>\n\n\n\n<p>El <strong>21 de mayo el doctor Al\u00ed y el Consejo de Salud respondieron un pedido de informes realizado por el Bloque de Concejales de La Libertad Avanza del Honorable Concejo Deliberante de Olavarr\u00eda<\/strong>, respecto de la compra y administraci\u00f3n de los productos elaborados por el Laboratorio HLB PHARMA GROUP S.A.<\/p>\n\n\n\n<p>Este \u00faltimo jueves, incluso,<strong> desde provincia de Buenos Aires, por pedido de la ANMAT,&nbsp; se solicit\u00f3 <em>\u201cidentificar todos los lotes para ser retirados por la empresa, es decir por las droguer\u00edas. En ese sentido desde el Hospital se volvi\u00f3 a enviar toda la informaci\u00f3n correspondiente\u201d.&nbsp;<\/em><\/strong><\/p>\n\n\n\n<p>La medicaci\u00f3n mencionada est\u00e1 <strong>apartada en el dep\u00f3sito del hospital que es donde corresponde que est\u00e9n los f\u00e1rmacos hasta que sean retirados, dicha informaci\u00f3n fue brindada al Ministerio de Salud.<\/strong><\/p>\n\n\n\n<p>A su vez, tambi\u00e9n aclararon que<strong> la imagen utilizada por el bloque de concejales del Pro muestra \u201c<em>un lote de soluci\u00f3n fisiol\u00f3gica que tampoco se est\u00e1 usando, se puso en cuarentena toda la medicaci\u00f3n de ese laboratorio desde el primer d\u00eda. El lote de fentanilo se encuentra en otra parte del dep\u00f3sito, apartado correctamente\u201d.<\/em><\/strong><\/p>\n\n\n\n<blockquote class=\"wp-block-quote is-layout-flow wp-block-quote-is-layout-flow\">\n<p>\u201cLa tarea de retiro de farmacia y de servicios CAPS se pudo lograr durante el trabajo de una noche y la ma\u00f1ana siguiente gracias al compromiso de todo el equipo de salud del Municipio.<\/p>\n<\/blockquote>\n\n\n\n<p>Toda la informaci\u00f3n, indicaron para cerrar,<em><strong> \u201cest\u00e1 respaldada de manera oficial y cuenta con la correspondiente documentaci\u00f3n\u201d. <\/strong><\/em>De hecho, presentaron varios de los documentos en el comunicado emitido horas despu\u00e9s de la acusaci\u00f3n del gallismo.<\/p>\n\n\n\n<figure class=\"wp-block-image size-large\"><img data-recalc-dims=\"1\" loading=\"lazy\" decoding=\"async\" width=\"745\" height=\"1024\" src=\"https:\/\/i0.wp.com\/cdnoticias.com\/wp-content\/uploads\/2025\/06\/WhatsApp-Image-2025-06-13-at-19.34.57.jpeg?resize=745%2C1024&#038;ssl=1\" alt=\"\" class=\"wp-image-174134\" srcset=\"https:\/\/i0.wp.com\/cdnoticias.com\/wp-content\/uploads\/2025\/06\/WhatsApp-Image-2025-06-13-at-19.34.57.jpeg?resize=745%2C1024&amp;ssl=1 745w, https:\/\/i0.wp.com\/cdnoticias.com\/wp-content\/uploads\/2025\/06\/WhatsApp-Image-2025-06-13-at-19.34.57.jpeg?resize=218%2C300&amp;ssl=1 218w, https:\/\/i0.wp.com\/cdnoticias.com\/wp-content\/uploads\/2025\/06\/WhatsApp-Image-2025-06-13-at-19.34.57.jpeg?resize=768%2C1056&amp;ssl=1 768w, https:\/\/i0.wp.com\/cdnoticias.com\/wp-content\/uploads\/2025\/06\/WhatsApp-Image-2025-06-13-at-19.34.57.jpeg?resize=1117%2C1536&amp;ssl=1 1117w, https:\/\/i0.wp.com\/cdnoticias.com\/wp-content\/uploads\/2025\/06\/WhatsApp-Image-2025-06-13-at-19.34.57.jpeg?w=1164&amp;ssl=1 1164w\" sizes=\"auto, (max-width: 745px) 100vw, 745px\" \/><\/figure>\n\n\n\n<figure class=\"wp-block-image size-large\"><img data-recalc-dims=\"1\" loading=\"lazy\" decoding=\"async\" width=\"752\" height=\"1024\" src=\"https:\/\/i0.wp.com\/cdnoticias.com\/wp-content\/uploads\/2025\/06\/WhatsApp-Image-2025-06-13-at-19.35.04.jpeg?resize=752%2C1024&#038;ssl=1\" alt=\"\" class=\"wp-image-174133\" srcset=\"https:\/\/i0.wp.com\/cdnoticias.com\/wp-content\/uploads\/2025\/06\/WhatsApp-Image-2025-06-13-at-19.35.04.jpeg?resize=752%2C1024&amp;ssl=1 752w, https:\/\/i0.wp.com\/cdnoticias.com\/wp-content\/uploads\/2025\/06\/WhatsApp-Image-2025-06-13-at-19.35.04.jpeg?resize=220%2C300&amp;ssl=1 220w, https:\/\/i0.wp.com\/cdnoticias.com\/wp-content\/uploads\/2025\/06\/WhatsApp-Image-2025-06-13-at-19.35.04.jpeg?resize=768%2C1046&amp;ssl=1 768w, https:\/\/i0.wp.com\/cdnoticias.com\/wp-content\/uploads\/2025\/06\/WhatsApp-Image-2025-06-13-at-19.35.04.jpeg?resize=1128%2C1536&amp;ssl=1 1128w, https:\/\/i0.wp.com\/cdnoticias.com\/wp-content\/uploads\/2025\/06\/WhatsApp-Image-2025-06-13-at-19.35.04.jpeg?w=1170&amp;ssl=1 1170w\" sizes=\"auto, (max-width: 752px) 100vw, 752px\" \/><\/figure>\n\n\n\n<figure class=\"wp-block-image size-large\"><img data-recalc-dims=\"1\" loading=\"lazy\" decoding=\"async\" width=\"748\" height=\"1024\" src=\"https:\/\/i0.wp.com\/cdnoticias.com\/wp-content\/uploads\/2025\/06\/WhatsApp-Image-2025-06-13-at-19.35.07.jpeg?resize=748%2C1024&#038;ssl=1\" alt=\"\" class=\"wp-image-174132\" srcset=\"https:\/\/i0.wp.com\/cdnoticias.com\/wp-content\/uploads\/2025\/06\/WhatsApp-Image-2025-06-13-at-19.35.07.jpeg?resize=748%2C1024&amp;ssl=1 748w, https:\/\/i0.wp.com\/cdnoticias.com\/wp-content\/uploads\/2025\/06\/WhatsApp-Image-2025-06-13-at-19.35.07.jpeg?resize=219%2C300&amp;ssl=1 219w, https:\/\/i0.wp.com\/cdnoticias.com\/wp-content\/uploads\/2025\/06\/WhatsApp-Image-2025-06-13-at-19.35.07.jpeg?resize=768%2C1052&amp;ssl=1 768w, https:\/\/i0.wp.com\/cdnoticias.com\/wp-content\/uploads\/2025\/06\/WhatsApp-Image-2025-06-13-at-19.35.07.jpeg?resize=1121%2C1536&amp;ssl=1 1121w, https:\/\/i0.wp.com\/cdnoticias.com\/wp-content\/uploads\/2025\/06\/WhatsApp-Image-2025-06-13-at-19.35.07.jpeg?w=1168&amp;ssl=1 1168w\" sizes=\"auto, (max-width: 748px) 100vw, 748px\" \/><\/figure>\n\n\n\n<figure class=\"wp-block-image size-large\"><img data-recalc-dims=\"1\" loading=\"lazy\" decoding=\"async\" width=\"730\" height=\"1024\" src=\"https:\/\/i0.wp.com\/cdnoticias.com\/wp-content\/uploads\/2025\/06\/WhatsApp-Image-2025-06-13-at-19.35.10.jpeg?resize=730%2C1024&#038;ssl=1\" alt=\"\" class=\"wp-image-174131\" srcset=\"https:\/\/i0.wp.com\/cdnoticias.com\/wp-content\/uploads\/2025\/06\/WhatsApp-Image-2025-06-13-at-19.35.10.jpeg?resize=730%2C1024&amp;ssl=1 730w, https:\/\/i0.wp.com\/cdnoticias.com\/wp-content\/uploads\/2025\/06\/WhatsApp-Image-2025-06-13-at-19.35.10.jpeg?resize=214%2C300&amp;ssl=1 214w, https:\/\/i0.wp.com\/cdnoticias.com\/wp-content\/uploads\/2025\/06\/WhatsApp-Image-2025-06-13-at-19.35.10.jpeg?resize=768%2C1078&amp;ssl=1 768w, https:\/\/i0.wp.com\/cdnoticias.com\/wp-content\/uploads\/2025\/06\/WhatsApp-Image-2025-06-13-at-19.35.10.jpeg?resize=1094%2C1536&amp;ssl=1 1094w, https:\/\/i0.wp.com\/cdnoticias.com\/wp-content\/uploads\/2025\/06\/WhatsApp-Image-2025-06-13-at-19.35.10.jpeg?w=1140&amp;ssl=1 1140w\" sizes=\"auto, (max-width: 730px) 100vw, 730px\" \/><\/figure>\n","protected":false},"excerpt":{"rendered":"<p>Desde el Hospital Municipal cruzaron a los concejales del gallismo, explicaron c\u00f3mo se aplic\u00f3 el protocolo e incluso se\u00f1alaron que<\/p>\n","protected":false},"author":2,"featured_media":165389,"comment_status":"closed","ping_status":"closed","sticky":false,"template":"","format":"standard","meta":{"_jetpack_memberships_contains_paid_content":false,"footnotes":""},"categories":[4,1],"tags":[],"class_list":["post-174129","post","type-post","status-publish","format-standard","has-post-thumbnail","hentry","category-politica","category-portada"],"jetpack_featured_media_url":"https:\/\/i0.wp.com\/cdnoticias.com\/wp-content\/uploads\/2025\/02\/hospital-frente-06.jpg?fit=1000%2C556&ssl=1","jetpack_sharing_enabled":true,"_links":{"self":[{"href":"https:\/\/cdnoticias.com\/index.php\/wp-json\/wp\/v2\/posts\/174129","targetHints":{"allow":["GET"]}}],"collection":[{"href":"https:\/\/cdnoticias.com\/index.php\/wp-json\/wp\/v2\/posts"}],"about":[{"href":"https:\/\/cdnoticias.com\/index.php\/wp-json\/wp\/v2\/types\/post"}],"author":[{"embeddable":true,"href":"https:\/\/cdnoticias.com\/index.php\/wp-json\/wp\/v2\/users\/2"}],"replies":[{"embeddable":true,"href":"https:\/\/cdnoticias.com\/index.php\/wp-json\/wp\/v2\/comments?post=174129"}],"version-history":[{"count":0,"href":"https:\/\/cdnoticias.com\/index.php\/wp-json\/wp\/v2\/posts\/174129\/revisions"}],"wp:featuredmedia":[{"embeddable":true,"href":"https:\/\/cdnoticias.com\/index.php\/wp-json\/wp\/v2\/media\/165389"}],"wp:attachment":[{"href":"https:\/\/cdnoticias.com\/index.php\/wp-json\/wp\/v2\/media?parent=174129"}],"wp:term":[{"taxonomy":"category","embeddable":true,"href":"https:\/\/cdnoticias.com\/index.php\/wp-json\/wp\/v2\/categories?post=174129"},{"taxonomy":"post_tag","embeddable":true,"href":"https:\/\/cdnoticias.com\/index.php\/wp-json\/wp\/v2\/tags?post=174129"}],"curies":[{"name":"wp","href":"https:\/\/api.w.org\/{rel}","templated":true}]}}