{"id":174048,"date":"2025-06-12T19:26:38","date_gmt":"2025-06-12T22:26:38","guid":{"rendered":"https:\/\/cdnoticias.com\/?p=174048"},"modified":"2025-06-12T19:26:40","modified_gmt":"2025-06-12T22:26:40","slug":"se-realizo-la-septima-sesion-ordinaria-del-hcd-de-olavarria","status":"publish","type":"post","link":"https:\/\/cdnoticias.com\/index.php\/2025\/06\/12\/se-realizo-la-septima-sesion-ordinaria-del-hcd-de-olavarria\/","title":{"rendered":"Se realiz\u00f3 la s\u00e9ptima sesi\u00f3n ordinaria del HCD de Olavarr\u00eda"},"content":{"rendered":"\n<p>Con amplia participaci\u00f3n, se aprobaron iniciativas clave como la creaci\u00f3n de una residencia estudiantil para j\u00f3venes rurales y el reconocimiento del 10\u00b0 aniversario de &#8220;Ni Una Menos&#8221;.<\/p>\n\n\n\n<hr class=\"wp-block-separator aligncenter has-alpha-channel-opacity\"\/>\n\n\n\n<p>Este jueves se llev\u00f3 a cabo la<strong> s\u00e9ptima sesi\u00f3n ordinaria del Honorable Concejo Deliberante de Olavarr\u00eda, donde se abordaron temas de impacto social, educativo y comunitario.<\/strong> Entre los puntos destacados,<strong> se aprob\u00f3 por unanimidad la ordenanza N\u00b05585\/25 que crea la Residencia Estudiantil Olavarriense, destinada a j\u00f3venes de localidades rurales del partido que deseen continuar estudios terciarios o universitarios en la ciudad cabecera.<\/strong><\/p>\n\n\n\n<figure class=\"wp-block-embed is-type-wp-embed is-provider-central-de-noticias-olavarr-a wp-block-embed-central-de-noticias-olavarr-a\"><div class=\"wp-block-embed__wrapper\">\n<blockquote class=\"wp-embedded-content\" data-secret=\"u9pMXghH1r\"><a href=\"https:\/\/cdnoticias.com\/index.php\/2025\/06\/12\/hcd-emocion-por-la-creacion-de-una-residencia-para-estudiantes-de-zonas-rurales\/\">HCD: Emoci\u00f3n por la creaci\u00f3n de una residencia para estudiantes de zonas rurales<\/a><\/blockquote><iframe loading=\"lazy\" class=\"wp-embedded-content\" sandbox=\"allow-scripts\" security=\"restricted\" style=\"position: absolute; visibility: hidden;\" title=\"&#8220;HCD: Emoci\u00f3n por la creaci\u00f3n de una residencia para estudiantes de zonas rurales&#8221; &#8212; Central de Noticias | Olavarr\u00eda\" src=\"https:\/\/cdnoticias.com\/index.php\/2025\/06\/12\/hcd-emocion-por-la-creacion-de-una-residencia-para-estudiantes-de-zonas-rurales\/embed\/#?secret=f4Vrh3cVji#?secret=u9pMXghH1r\" data-secret=\"u9pMXghH1r\" width=\"600\" height=\"338\" frameborder=\"0\" marginwidth=\"0\" marginheight=\"0\" scrolling=\"no\"><\/iframe>\n<\/div><\/figure>\n\n\n\n<p>Durante el tratamiento del proyecto estuvieron presentes estudiantes del<strong> CPT N\u00b08 de Espigas, impulsores de la propuesta en el marco del Honorable Concejo Deliberante Estudiantil.<\/strong><\/p>\n\n\n\n<p>Adem\u00e1s<strong>, se declar\u00f3 a Olavarr\u00eda como \u201cCiudad Belgraniana\u201d mediante una ordenanza promovida por los bloques PRO y Juntos por Olavarr\u00eda.<\/strong> Tambi\u00e9n se aprobaron varias declaraciones de inter\u00e9s legislativo, entre ellas:<\/p>\n\n\n\n<p>-El 2\u00b0 Encuentro de Danzas \u00c1rabes, a realizarse el 14 de junio en el Teatro Municipal.<\/p>\n\n\n\n<p>-El 100\u00b0 aniversario de la Liga de F\u00fatbol de Olavarr\u00eda.<\/p>\n\n\n\n<p>-El Primer Seminario de defensa personal, trata y violencia de g\u00e9nero.<\/p>\n\n\n\n<figure class=\"wp-block-embed is-type-wp-embed is-provider-central-de-noticias-olavarr-a wp-block-embed-central-de-noticias-olavarr-a\"><div class=\"wp-block-embed__wrapper\">\n<blockquote class=\"wp-embedded-content\" data-secret=\"xsp6scCGFa\"><a href=\"https:\/\/cdnoticias.com\/index.php\/2025\/06\/12\/sesion-del-hcd-olavarria-es-ciudad-belgraniana\/\">Sesi\u00f3n del HCD: Olavarr\u00eda es \u201cCiudad Belgraniana\u201d<\/a><\/blockquote><iframe loading=\"lazy\" class=\"wp-embedded-content\" sandbox=\"allow-scripts\" security=\"restricted\" style=\"position: absolute; visibility: hidden;\" title=\"&#8220;Sesi\u00f3n del HCD: Olavarr\u00eda es \u201cCiudad Belgraniana\u201d&#8221; &#8212; Central de Noticias | Olavarr\u00eda\" src=\"https:\/\/cdnoticias.com\/index.php\/2025\/06\/12\/sesion-del-hcd-olavarria-es-ciudad-belgraniana\/embed\/#?secret=baOJqtmFab#?secret=xsp6scCGFa\" data-secret=\"xsp6scCGFa\" width=\"600\" height=\"338\" frameborder=\"0\" marginwidth=\"0\" marginheight=\"0\" scrolling=\"no\"><\/iframe>\n<\/div><\/figure>\n\n\n\n<p>Por iniciativa de<strong>l bloque UCR, se solicit\u00f3 al Ejecutivo dotar de iluminaci\u00f3n la calle Corrientes, entre Necochea y Av. Col\u00f3n. Adem\u00e1s, se pidieron informes sobre el programa municipal &#8220;Clubes en Marcha&#8221;.<\/strong><\/p>\n\n\n\n<p>En otro tramo, <strong>se aprob\u00f3 por mayor\u00eda \u2014con el rechazo de La Libertad Avanza y Por M\u00e1s Libertad\u2014 un proyecto que expresa preocupaci\u00f3n por las citaciones de la Agencia Nacional de Discapacidad (ANDIS) a beneficiarios de pensiones no contributivas en Olavarr\u00eda.<\/strong><\/p>\n\n\n\n<figure class=\"wp-block-image size-large\"><img data-recalc-dims=\"1\" loading=\"lazy\" decoding=\"async\" width=\"800\" height=\"530\" src=\"https:\/\/i0.wp.com\/cdnoticias.com\/wp-content\/uploads\/2025\/06\/10.jpg?resize=800%2C530&#038;ssl=1\" alt=\"\" class=\"wp-image-174050\" srcset=\"https:\/\/i0.wp.com\/cdnoticias.com\/wp-content\/uploads\/2025\/06\/10-scaled.jpg?resize=1024%2C678&amp;ssl=1 1024w, https:\/\/i0.wp.com\/cdnoticias.com\/wp-content\/uploads\/2025\/06\/10-scaled.jpg?resize=300%2C199&amp;ssl=1 300w, https:\/\/i0.wp.com\/cdnoticias.com\/wp-content\/uploads\/2025\/06\/10-scaled.jpg?resize=768%2C509&amp;ssl=1 768w, https:\/\/i0.wp.com\/cdnoticias.com\/wp-content\/uploads\/2025\/06\/10-scaled.jpg?resize=1536%2C1017&amp;ssl=1 1536w, https:\/\/i0.wp.com\/cdnoticias.com\/wp-content\/uploads\/2025\/06\/10-scaled.jpg?resize=2048%2C1356&amp;ssl=1 2048w, https:\/\/i0.wp.com\/cdnoticias.com\/wp-content\/uploads\/2025\/06\/10-scaled.jpg?w=1600&amp;ssl=1 1600w, https:\/\/i0.wp.com\/cdnoticias.com\/wp-content\/uploads\/2025\/06\/10-scaled.jpg?w=2400&amp;ssl=1 2400w\" sizes=\"auto, (max-width: 800px) 100vw, 800px\" \/><\/figure>\n\n\n\n<p>Asimismo,<strong> se aprobaron pedidos de informes<\/strong> impulsados por diversos bloques:<\/p>\n\n\n\n<p>Desde <strong>LLA, sobre guardias m\u00e9dicas, promotores de salud y ambulancias.<\/strong><\/p>\n\n\n\n<p>Desde <strong>PRO y Juntos, sobre el Observatorio Vial Municipal, el convenio con la Provincia por el Fondo de Seguridad, y la solicitud a la Legislatura bonaerense para tratar la autarqu\u00eda del IOMA.<\/strong><\/p>\n\n\n\n<p>Como cierre, <strong>el cuerpo sancion\u00f3 un proyecto impulsado por Uni\u00f3n por la Patria para reconocer los 10 a\u00f1os de la primera marcha de \u201cNi Una Menos\u201d, destacando su valor en la lucha contra la violencia de g\u00e9nero.<\/strong><\/p>\n","protected":false},"excerpt":{"rendered":"<p>Con amplia participaci\u00f3n, se aprobaron iniciativas clave como la creaci\u00f3n de una residencia estudiantil para j\u00f3venes rurales y el reconocimiento<\/p>\n","protected":false},"author":2,"featured_media":174049,"comment_status":"closed","ping_status":"closed","sticky":false,"template":"","format":"standard","meta":{"_jetpack_memberships_contains_paid_content":false,"footnotes":""},"categories":[4,1],"tags":[],"class_list":["post-174048","post","type-post","status-publish","format-standard","has-post-thumbnail","hentry","category-politica","category-portada"],"jetpack_featured_media_url":"https:\/\/i0.wp.com\/cdnoticias.com\/wp-content\/uploads\/2025\/06\/6-scaled.jpg?fit=2560%2C1653&ssl=1","jetpack_sharing_enabled":true,"_links":{"self":[{"href":"https:\/\/cdnoticias.com\/index.php\/wp-json\/wp\/v2\/posts\/174048","targetHints":{"allow":["GET"]}}],"collection":[{"href":"https:\/\/cdnoticias.com\/index.php\/wp-json\/wp\/v2\/posts"}],"about":[{"href":"https:\/\/cdnoticias.com\/index.php\/wp-json\/wp\/v2\/types\/post"}],"author":[{"embeddable":true,"href":"https:\/\/cdnoticias.com\/index.php\/wp-json\/wp\/v2\/users\/2"}],"replies":[{"embeddable":true,"href":"https:\/\/cdnoticias.com\/index.php\/wp-json\/wp\/v2\/comments?post=174048"}],"version-history":[{"count":0,"href":"https:\/\/cdnoticias.com\/index.php\/wp-json\/wp\/v2\/posts\/174048\/revisions"}],"wp:featuredmedia":[{"embeddable":true,"href":"https:\/\/cdnoticias.com\/index.php\/wp-json\/wp\/v2\/media\/174049"}],"wp:attachment":[{"href":"https:\/\/cdnoticias.com\/index.php\/wp-json\/wp\/v2\/media?parent=174048"}],"wp:term":[{"taxonomy":"category","embeddable":true,"href":"https:\/\/cdnoticias.com\/index.php\/wp-json\/wp\/v2\/categories?post=174048"},{"taxonomy":"post_tag","embeddable":true,"href":"https:\/\/cdnoticias.com\/index.php\/wp-json\/wp\/v2\/tags?post=174048"}],"curies":[{"name":"wp","href":"https:\/\/api.w.org\/{rel}","templated":true}]}}