{"id":174023,"date":"2025-06-12T18:30:03","date_gmt":"2025-06-12T21:30:03","guid":{"rendered":"https:\/\/cdnoticias.com\/?p=174023"},"modified":"2025-06-12T20:27:06","modified_gmt":"2025-06-12T23:27:06","slug":"la-inflacion-de-mayo-fue-del-15-la-mas-baja-en-cinco-anos","status":"publish","type":"post","link":"https:\/\/cdnoticias.com\/index.php\/2025\/06\/12\/la-inflacion-de-mayo-fue-del-15-la-mas-baja-en-cinco-anos\/","title":{"rendered":"La inflaci\u00f3n de mayo fue del 1,5%, la m\u00e1s baja en cinco a\u00f1os"},"content":{"rendered":"\n<p>La cifra la dio a conocer el Instituto Nacional de Estad\u00edsticas y Censos (INDEC). Una de las claves fue la ca\u00edda en los precios de frutas y verduras.<\/p>\n\n\n\n<hr class=\"wp-block-separator aligncenter has-alpha-channel-opacity\"\/>\n\n\n\n<p>La <strong>inflaci\u00f3n de mayo fue del 1,5%, <\/strong>seg\u00fan inform\u00f3 este jueves el <strong>Instituto Nacional de Estad\u00edsticas y Censos (Indec)<\/strong> al <strong>dar a conocer la nueva medici\u00f3n del \u00cdndice de Precios al Consumidor (IPC).<\/strong><\/p>\n\n\n\n<p><\/p>\n\n\n\n<blockquote class=\"wp-block-quote is-layout-flow wp-block-quote-is-layout-flow\">\n<p>Tras la salida del cepo, la inflaci\u00f3n en abril hab\u00eda sido del 2,8%. El dato represent\u00f3 una baja de 0,9 puntos porcentuales con respecto al 3,7% de marzo, despu\u00e9s de las medidas econ\u00f3micas adoptadas por el Gobierno en torno al levantamiento del cepo cambiario y el inicio de un r\u00e9gimen de flotaci\u00f3n entre bandas en el valor del d\u00f3lar.<\/p>\n<\/blockquote>\n\n\n\n<p><\/p>\n\n\n\n<p>El antecedente inmediato a la cifra de mayo fue el dato de la inflaci\u00f3n de la Ciudad de Buenos Aires, que se conoci\u00f3 este lunes y que se ubic\u00f3 en un 1,6% en mayo, marcando el menor registro en cinco a\u00f1os.<\/p>\n\n\n\n<p><\/p>\n\n\n\n<blockquote class=\"wp-block-quote is-layout-flow wp-block-quote-is-layout-flow\">\n<p>La inflaci\u00f3n porte\u00f1a tuvo un fuerte retroceso de los precios de las verduras y legumbres (-4,9%) de gran incidencia en la canasta b\u00e1sica, de las tarifas residenciales del gas por red (-2,3%), de los electrodom\u00e9sticos (-3,3%) y pasajes tur\u00edsticos (-6,9%) y sin grandes cambios en frutas (+0,7%) y vestimenta y calzado (+0.9%).<\/p>\n<\/blockquote>\n\n\n\n<p><\/p>\n\n\n\n<p>D\u00edas atr\u00e1s, las consultoras y entidades financieras que releva el Banco Central en el REM (relevamiento de expectativas de mercado) estimaron una inflaci\u00f3n mensual de 2,1% para el mes de mayo. Para los meses siguientes esperan senderos descendentes de inflaci\u00f3n mensual tanto para el IPC nivel general como para el componente n\u00facleo.&nbsp;<\/p>\n\n\n\n<p><\/p>\n\n\n\n<p><em>Fuente: DIB&nbsp;<\/em><\/p>\n\n\n\n<p><\/p>\n","protected":false},"excerpt":{"rendered":"<p>La cifra la dio a conocer el Instituto Nacional de Estad\u00edsticas y Censos (INDEC). Una de las claves fue la<\/p>\n","protected":false},"author":6,"featured_media":174027,"comment_status":"closed","ping_status":"closed","sticky":false,"template":"","format":"standard","meta":{"_jetpack_memberships_contains_paid_content":false,"footnotes":""},"categories":[6,1],"tags":[],"class_list":["post-174023","post","type-post","status-publish","format-standard","has-post-thumbnail","hentry","category-nacionales","category-portada"],"jetpack_featured_media_url":"https:\/\/i0.wp.com\/cdnoticias.com\/wp-content\/uploads\/2025\/06\/inflacion.webp?fit=696%2C392&ssl=1","jetpack_sharing_enabled":true,"_links":{"self":[{"href":"https:\/\/cdnoticias.com\/index.php\/wp-json\/wp\/v2\/posts\/174023","targetHints":{"allow":["GET"]}}],"collection":[{"href":"https:\/\/cdnoticias.com\/index.php\/wp-json\/wp\/v2\/posts"}],"about":[{"href":"https:\/\/cdnoticias.com\/index.php\/wp-json\/wp\/v2\/types\/post"}],"author":[{"embeddable":true,"href":"https:\/\/cdnoticias.com\/index.php\/wp-json\/wp\/v2\/users\/6"}],"replies":[{"embeddable":true,"href":"https:\/\/cdnoticias.com\/index.php\/wp-json\/wp\/v2\/comments?post=174023"}],"version-history":[{"count":0,"href":"https:\/\/cdnoticias.com\/index.php\/wp-json\/wp\/v2\/posts\/174023\/revisions"}],"wp:featuredmedia":[{"embeddable":true,"href":"https:\/\/cdnoticias.com\/index.php\/wp-json\/wp\/v2\/media\/174027"}],"wp:attachment":[{"href":"https:\/\/cdnoticias.com\/index.php\/wp-json\/wp\/v2\/media?parent=174023"}],"wp:term":[{"taxonomy":"category","embeddable":true,"href":"https:\/\/cdnoticias.com\/index.php\/wp-json\/wp\/v2\/categories?post=174023"},{"taxonomy":"post_tag","embeddable":true,"href":"https:\/\/cdnoticias.com\/index.php\/wp-json\/wp\/v2\/tags?post=174023"}],"curies":[{"name":"wp","href":"https:\/\/api.w.org\/{rel}","templated":true}]}}