{"id":174003,"date":"2025-06-14T10:28:07","date_gmt":"2025-06-14T13:28:07","guid":{"rendered":"https:\/\/cdnoticias.com\/?p=174003"},"modified":"2025-06-14T10:28:10","modified_gmt":"2025-06-14T13:28:10","slug":"inscripcion-para-la-renovacion-del-carnet-de-manipulacion-de-alimentos","status":"publish","type":"post","link":"https:\/\/cdnoticias.com\/index.php\/2025\/06\/14\/inscripcion-para-la-renovacion-del-carnet-de-manipulacion-de-alimentos\/","title":{"rendered":"Inscripci\u00f3n para la renovaci\u00f3n del carnet de manipulaci\u00f3n de alimentos"},"content":{"rendered":"\n<p>La inscripci\u00f3n se encuentra abierta hasta el domingo 6 de julio inclusive.&nbsp;<\/p>\n\n\n\n<hr class=\"wp-block-separator aligncenter has-alpha-channel-opacity\"\/>\n\n\n\n<p>Durante e<strong>l pr\u00f3ximo mes de julio <\/strong>se efectuar\u00e1 una <strong>instancia evaluatoria en materia de manipulaci\u00f3n de alimentos.<\/strong><\/p>\n\n\n\n<p><\/p>\n\n\n\n<p>Desde el \u00e1rea, se aclar\u00f3 que en esta oportunidad no se realizar\u00e1 el habitual curso taller de manipulaci\u00f3n segura de alimentos sino que <strong>se desarrollar\u00e1 s\u00f3lo la etapa de evaluaci\u00f3n.<\/strong><\/p>\n\n\n\n<p><\/p>\n\n\n\n<blockquote class=\"wp-block-quote is-layout-flow wp-block-quote-is-layout-flow\">\n<p>La evaluaci\u00f3n est\u00e1 destinada a todas aquellas personas que hayan realizado el curso anteriormente y no cuenten con el carnet de manipulador de alimentos o, s\u00ed lo tienen pero deben renovarlo, como as\u00ed tambi\u00e9n toda persona con t\u00edtulo terciario o universitario que acredite formaci\u00f3n en manipulaci\u00f3n de alimentos (excluyente).<\/p>\n<\/blockquote>\n\n\n\n<p><\/p>\n\n\n\n<p>Aprobando la mencionada evaluaci\u00f3n, podr\u00e1n ser eximidos de realizar el curso de capacitaci\u00f3n. <strong>La inscripci\u00f3n se encuentra abierta hasta el domingo 6 de julio inclusive.<\/strong> Aquellas personas interesadas en la renovaci\u00f3n del carnet de manipulaci\u00f3n de alimentos pueden inscribirse a trav\u00e9s del <a href=\"https:\/\/docs.google.com\/forms\/d\/15oXtRMBx-APkmzi_z3o1MaDWOYYFO02r5neuvXJU5gs\/viewform?pli=1&amp;pli=1&amp;edit_requested=true\" target=\"_blank\" rel=\"noreferrer noopener\">siguiente link<\/a>.<\/p>\n\n\n\n<p><\/p>\n","protected":false},"excerpt":{"rendered":"<p>La inscripci\u00f3n se encuentra abierta hasta el domingo 6 de julio inclusive.&nbsp; Durante el pr\u00f3ximo mes de julio se efectuar\u00e1<\/p>\n","protected":false},"author":6,"featured_media":45684,"comment_status":"closed","ping_status":"closed","sticky":false,"template":"","format":"standard","meta":{"_jetpack_memberships_contains_paid_content":false,"footnotes":""},"categories":[5,1],"tags":[],"class_list":["post-174003","post","type-post","status-publish","format-standard","has-post-thumbnail","hentry","category-informacion-general","category-portada"],"jetpack_featured_media_url":"https:\/\/i0.wp.com\/cdnoticias.com\/wp-content\/uploads\/2022\/02\/Alimentos.jpg?fit=700%2C420&ssl=1","jetpack_sharing_enabled":true,"_links":{"self":[{"href":"https:\/\/cdnoticias.com\/index.php\/wp-json\/wp\/v2\/posts\/174003","targetHints":{"allow":["GET"]}}],"collection":[{"href":"https:\/\/cdnoticias.com\/index.php\/wp-json\/wp\/v2\/posts"}],"about":[{"href":"https:\/\/cdnoticias.com\/index.php\/wp-json\/wp\/v2\/types\/post"}],"author":[{"embeddable":true,"href":"https:\/\/cdnoticias.com\/index.php\/wp-json\/wp\/v2\/users\/6"}],"replies":[{"embeddable":true,"href":"https:\/\/cdnoticias.com\/index.php\/wp-json\/wp\/v2\/comments?post=174003"}],"version-history":[{"count":0,"href":"https:\/\/cdnoticias.com\/index.php\/wp-json\/wp\/v2\/posts\/174003\/revisions"}],"wp:featuredmedia":[{"embeddable":true,"href":"https:\/\/cdnoticias.com\/index.php\/wp-json\/wp\/v2\/media\/45684"}],"wp:attachment":[{"href":"https:\/\/cdnoticias.com\/index.php\/wp-json\/wp\/v2\/media?parent=174003"}],"wp:term":[{"taxonomy":"category","embeddable":true,"href":"https:\/\/cdnoticias.com\/index.php\/wp-json\/wp\/v2\/categories?post=174003"},{"taxonomy":"post_tag","embeddable":true,"href":"https:\/\/cdnoticias.com\/index.php\/wp-json\/wp\/v2\/tags?post=174003"}],"curies":[{"name":"wp","href":"https:\/\/api.w.org\/{rel}","templated":true}]}}