{"id":173989,"date":"2025-06-12T14:28:15","date_gmt":"2025-06-12T17:28:15","guid":{"rendered":"https:\/\/cdnoticias.com\/?p=173989"},"modified":"2025-06-12T18:30:18","modified_gmt":"2025-06-12T21:30:18","slug":"reempadronamiento-en-la-sociedad-de-fomento-de-barrio-aoma-aca-no-se-va-a-proscribir-a-nadie","status":"publish","type":"post","link":"https:\/\/cdnoticias.com\/index.php\/2025\/06\/12\/reempadronamiento-en-la-sociedad-de-fomento-de-barrio-aoma-aca-no-se-va-a-proscribir-a-nadie\/","title":{"rendered":"Reempadronamiento en la Sociedad de Fomento de barrio AOMA: \u201cAc\u00e1 no se va a proscribir a nadie\u201d"},"content":{"rendered":"<p>Lo dijo el presidente \u201cPano\u201d Vega en referencia a la fallida asamblea del mes pasado. \u201cLa persona que arm\u00f3 la lista que va a competir milita en La C\u00e1mpora. Yo no politizo la entidad\u201d contrast\u00f3.<!--more--><\/p>\n<hr \/>\n<p>A fines de mayo se hab\u00eda <strong>convocado a una asamblea en la Sociedad de Fomento \u201cCarlos Von Bernard\u201d de barrio AOMA<\/strong> para<strong> renovar las autoridades<\/strong>. Tal objetivo no logr\u00f3 alcanzarse, hubo dos listas en competencia. La asamblea qued\u00f3 interrumpida y se defini\u00f3 pasar a un <strong>cuarto intermedio<\/strong>.<\/p>\n<p>En los \u00faltimos d\u00edas <strong>se convoc\u00f3 a reempadronar a los vecinos<\/strong> interesados en participar de la entidad barrial.<\/p>\n<blockquote><p>Walter \u201cPano\u201d Vega, presidente de la entidad y quien busca la reelecci\u00f3n, habl\u00f3 este jueves en el<strong> programa Levantate por FM Sapiens (102.7)<\/strong> donde se refiri\u00f3 a la asamblea fallida: \u201chubo gente que entr\u00f3 al sal\u00f3n y que no estaba empadronada. Otra gente que no viv\u00eda dentro de la periferia. Se dieron un mont\u00f3n de circunstancias para que se diera un cuarto intermedio y ayer se comenz\u00f3 con el reempadronamiento\u201d. Tambi\u00e9n se\u00f1al\u00f3 que hubo asistentes cuyo domicilio no est\u00e1 comprendido en los l\u00edmites del barrio AOMA.<\/p><\/blockquote>\n<p>En ese sentido, se convoc\u00f3 a vecinos y vecinas del <strong>radio comprendido entre Ruta 51, arroyo San Jacinto, autopista Luciano Fortabat y San Mart\u00edn<\/strong> a reempadronarse<strong> en la Sociedad de Fomento \u201cCarlos Von Bernard\u201d<\/strong>.<\/p>\n<p>Las personas interesadas podr\u00e1n <strong>acercarse a la sede ubicada sobre Barcal\u00e1 entre General Paz y Coronel Su\u00e1rez<\/strong>, en el barrio AOMA. El periodo de ampliaci\u00f3n se prolongar\u00e1 <strong>hasta el 19 de junio<\/strong> del corriente a\u00f1o en el horario de 17:30 a 19:30 horas. Vega inform\u00f3 que <strong>en la primera jornada de reempadronamiento, concretada este mi\u00e9rcoles, asistieron 32 personas.<\/strong><\/p>\n<p><img data-recalc-dims=\"1\" loading=\"lazy\" decoding=\"async\" class=\"alignnone size-large wp-image-71600 aligncenter\" src=\"https:\/\/i0.wp.com\/cdnoticias.com\/wp-content\/uploads\/2022\/12\/pavimento-aoma2.jpg?resize=800%2C445&#038;ssl=1\" alt=\"\" width=\"800\" height=\"445\" srcset=\"https:\/\/i0.wp.com\/cdnoticias.com\/wp-content\/uploads\/2022\/12\/pavimento-aoma2-scaled.jpg?resize=1024%2C570&amp;ssl=1 1024w, https:\/\/i0.wp.com\/cdnoticias.com\/wp-content\/uploads\/2022\/12\/pavimento-aoma2-scaled.jpg?resize=300%2C167&amp;ssl=1 300w, https:\/\/i0.wp.com\/cdnoticias.com\/wp-content\/uploads\/2022\/12\/pavimento-aoma2-scaled.jpg?resize=768%2C427&amp;ssl=1 768w, https:\/\/i0.wp.com\/cdnoticias.com\/wp-content\/uploads\/2022\/12\/pavimento-aoma2-scaled.jpg?resize=1536%2C855&amp;ssl=1 1536w, https:\/\/i0.wp.com\/cdnoticias.com\/wp-content\/uploads\/2022\/12\/pavimento-aoma2-scaled.jpg?resize=2048%2C1140&amp;ssl=1 2048w, https:\/\/i0.wp.com\/cdnoticias.com\/wp-content\/uploads\/2022\/12\/pavimento-aoma2-scaled.jpg?resize=800%2C445&amp;ssl=1 800w, https:\/\/i0.wp.com\/cdnoticias.com\/wp-content\/uploads\/2022\/12\/pavimento-aoma2-scaled.jpg?w=1600&amp;ssl=1 1600w, https:\/\/i0.wp.com\/cdnoticias.com\/wp-content\/uploads\/2022\/12\/pavimento-aoma2-scaled.jpg?w=2400&amp;ssl=1 2400w\" sizes=\"auto, (max-width: 800px) 100vw, 800px\" \/><\/p>\n<p>En la asamblea realizada se hab\u00eda presentado una lista opositora, sobre la que el hist\u00f3rico dirigente barrial present\u00f3 sus sospechas de intento de intervenci\u00f3n del oficialismo municipal. Vega indic\u00f3 que <strong>\u201cla persona que arm\u00f3 la lista que va a competir milita en La C\u00e1mpora. Yo no politizo la entidad, nunca la politic\u00e9\u201d<\/strong>. M\u00e1s adelante, resalt\u00f3 que<em> \u201cespero que se lleve adelante algo ordenado\u201d<\/em> en referencia a la pr\u00f3xima asamblea.<\/p>\n<blockquote><p>\u201cAc\u00e1 no se va a proscribir a nadie, ac\u00e1 no se le cierra nada a nadie. Porque es la instituci\u00f3n barrial que le corresponde al vecino\u201d subray\u00f3 el dirigente quien destac\u00f3 que \u201chay una persona que est\u00e1 desde el Municipio, que es la que empadrona. El que quiera estar en una de las dos listas que se presentan puede estar tranquilamente, pero se va a verificar que se empadrone y viva dentro del barrio\u201d. Expres\u00f3 su intenci\u00f3n de que \u201cesperemos que se lleve adelante algo ordenado\u201d.<\/p><\/blockquote>\n<p>En cuanto a la referencia partidaria del armado opositor,<em> \u201cPano\u201d Vega reconoci\u00f3 su propia trayectoria: \u201cyo en pol\u00edtica estoy desde el a\u00f1o 83 y conozco bien todo como es, pero nunca me atrev\u00ed a tanto\u201d<\/em> dijo, y sigui\u00f3 <strong>\u201cno politizo la entidad, nunca la politic\u00e9\u201d<\/strong>. Apunt\u00f3 a la gesti\u00f3n institucional en el barrio indic\u00f3 que <strong>\u201chay una comisi\u00f3n donde hay distintos pensamientos, solamente el \u00fanico pensamiento en esa comisi\u00f3n es avanzar para el barrio, en el cual vivimos.<\/strong> Y as\u00ed debe ser en todas las entidades barriales\u201d.<\/p>\n<p>Asimismo, advirti\u00f3 que<strong> \u201ccuando vos est\u00e1s en una dirigencia barrial, ten\u00e9s que trabajar con el gobierno de turno<\/strong>, sea o no sea de tu filosof\u00eda pol\u00edtica. <em>Y ser respetuoso, tratar de ir a charlar, consensuar algo que pueda hacerse<\/em>\u201d. En la entrevista radial repas\u00f3 los avances que ha tenido barrio AOMA en la gesti\u00f3n municipal anterior con la pavimentaci\u00f3n y con la actual gesti\u00f3n la construcci\u00f3n del cord\u00f3n cuneta,<strong> \u201cya empezaron, van a hacer cord\u00f3n cuneta en 27 cuadras aproximadamente\u201d<\/strong>. Tambi\u00e9n se refiri\u00f3 a la reciente inauguraci\u00f3n de la nueva iluminaci\u00f3n sobre la autopista Fortabat y al recambio de 70 luminarias dentro del barrio AOMA. Tambi\u00e9n mencion\u00f3 mejoras en el gas y agua corriente, \u201cde a poquito hace que el barrio vaya avanzando para tener una mejor calidad de vida. Ac\u00e1 tenemos algo prioritario y es caro, las cloacas\u201d plante\u00f3.<\/p>\n<p>Finalmente, consultado sobre la realizaci\u00f3n de la pr\u00f3xima asamblea, el fomentista estim\u00f3 que \u201cel reempadronamiento termina el jueves 19, y seguramente la semana siguiente nos pondremos de acuerdo para hacerlo lo m\u00e1s r\u00e1pido posible\u201d.<\/p>\n","protected":false},"excerpt":{"rendered":"<p>Lo dijo el presidente \u201cPano\u201d Vega en referencia a la fallida asamblea del mes pasado. \u201cLa persona que arm\u00f3 la<\/p>\n","protected":false},"author":4,"featured_media":173991,"comment_status":"closed","ping_status":"closed","sticky":false,"template":"","format":"standard","meta":{"_jetpack_memberships_contains_paid_content":false,"footnotes":""},"categories":[4,1],"tags":[],"class_list":["post-173989","post","type-post","status-publish","format-standard","has-post-thumbnail","hentry","category-politica","category-portada"],"jetpack_featured_media_url":"https:\/\/i0.wp.com\/cdnoticias.com\/wp-content\/uploads\/2025\/06\/pano-vega-00.jpg?fit=1000%2C556&ssl=1","jetpack_sharing_enabled":true,"_links":{"self":[{"href":"https:\/\/cdnoticias.com\/index.php\/wp-json\/wp\/v2\/posts\/173989","targetHints":{"allow":["GET"]}}],"collection":[{"href":"https:\/\/cdnoticias.com\/index.php\/wp-json\/wp\/v2\/posts"}],"about":[{"href":"https:\/\/cdnoticias.com\/index.php\/wp-json\/wp\/v2\/types\/post"}],"author":[{"embeddable":true,"href":"https:\/\/cdnoticias.com\/index.php\/wp-json\/wp\/v2\/users\/4"}],"replies":[{"embeddable":true,"href":"https:\/\/cdnoticias.com\/index.php\/wp-json\/wp\/v2\/comments?post=173989"}],"version-history":[{"count":0,"href":"https:\/\/cdnoticias.com\/index.php\/wp-json\/wp\/v2\/posts\/173989\/revisions"}],"wp:featuredmedia":[{"embeddable":true,"href":"https:\/\/cdnoticias.com\/index.php\/wp-json\/wp\/v2\/media\/173991"}],"wp:attachment":[{"href":"https:\/\/cdnoticias.com\/index.php\/wp-json\/wp\/v2\/media?parent=173989"}],"wp:term":[{"taxonomy":"category","embeddable":true,"href":"https:\/\/cdnoticias.com\/index.php\/wp-json\/wp\/v2\/categories?post=173989"},{"taxonomy":"post_tag","embeddable":true,"href":"https:\/\/cdnoticias.com\/index.php\/wp-json\/wp\/v2\/tags?post=173989"}],"curies":[{"name":"wp","href":"https:\/\/api.w.org\/{rel}","templated":true}]}}