{"id":173986,"date":"2025-06-12T17:02:06","date_gmt":"2025-06-12T20:02:06","guid":{"rendered":"https:\/\/cdnoticias.com\/?p=173986"},"modified":"2025-06-12T17:02:08","modified_gmt":"2025-06-12T20:02:08","slug":"sesion-del-hcd-olavarria-es-ciudad-belgraniana","status":"publish","type":"post","link":"https:\/\/cdnoticias.com\/index.php\/2025\/06\/12\/sesion-del-hcd-olavarria-es-ciudad-belgraniana\/","title":{"rendered":"Sesi\u00f3n del HCD: Olavarr\u00eda es \u201cCiudad Belgraniana\u201d"},"content":{"rendered":"<p>La ordenanza fue aprobada por unanimidad del Honorable Concejo Deliberante. La defendi\u00f3 el concejal Carlos Coscia quien resalt\u00f3 la presencia de \u201cla impronta del General Manuel Belgrano\u201d.<!--more--><\/p>\n<hr \/>\n<p>En el Mes Belgraniano, <strong>Olavarr\u00eda fue declarada \u201cCiudad Belgraniana\u201d<\/strong> en la ma\u00f1ana de este jueves durante la <a href=\"https:\/\/cdnoticias.com\/index.php\/2025\/06\/12\/en-vivo-se-realiza-la-septima-sesion-ordinaria-del-hcd\/\" target=\"_blank\" rel=\"noopener\">sesi\u00f3n del Concejo Deliberante<\/a>.<\/p>\n<p>El proyecto de ordenanza fue<em> presentado de manera conjunta por los bloques Juntos por Olavarr\u00eda y PRO-ERF<\/em>. Durante la sesi\u00f3n, el expositor fue el<strong> concejal Carlos Coscia<\/strong>. Fue <strong>aprobado por unanimidad<\/strong> en la s\u00e9ptima sesi\u00f3n ordinaria.<\/p>\n<blockquote><p>\u201cLa impronta del General Manuel Belgrano y su relaci\u00f3n con la Bandera Nacional atraviesan a nuestra ciudad y localidades, nombrando calles, plazas, monumentos, puentes, murales, instituciones que llevan su nombre, sociedades de fomento, escuelas y jardines urbanos y rurales, centros de jubilados, el Palacio Municipal Belgrano\u2026\u201d, argument\u00f3 Coscia entre otros puntos.<\/p><\/blockquote>\n<p>Hizo principal referencia a <strong>\u201cla obra de arte que atesora el Museo D\u00e1maso Arce de Olavarr\u00eda<\/strong>: el retrato original en el que pos\u00f3 el General Manuel Belgrano, en Londres en 1815, pintado por Fran\u00e7ois Casimir Carbonnier\u201d.<\/p>\n<p>Otros de los proyectos aprobados, presentados por los bloques de concejales mencionados anteriormente, fueron la <strong>Declaraci\u00f3n de Inter\u00e9s Legislativo al 100\u00b0 Aniversario de la Liga de F\u00fatbol de Olavarr\u00eda<\/strong> y el proyecto de <strong>comunicaci\u00f3n que se\u00f1ala la intenci\u00f3n de garantizar la autarqu\u00eda del Instituto Obra M\u00e9dico Asistencial (IOMA)<\/strong>, la cual se abstuvo de votar Uni\u00f3n por la Patria.<\/p>\n<p>Tambi\u00e9n se presentaron <strong>dos pedidos de informes<\/strong>: uno referente a la <a href=\"https:\/\/cdnoticias.com\/index.php\/2025\/06\/10\/seguridad-vial-el-pro-se-pregunta-donde-esta-la-prevencion-del-municipio\/\" target=\"_blank\" rel=\"noopener\">creaci\u00f3n del Observatorio Vial Municipal<\/a>, establecido por ordenanza 5.530\/25 y otro en relaci\u00f3n al convenio firmado con el Gobierno de la Provincia de Buenos Aires, relativo al<a href=\"https:\/\/cdnoticias.com\/index.php\/2025\/04\/24\/la-provincia-transfirio-la-primera-cuota-del-fondo-de-fortalecimiento-de-la-seguridad\/\" target=\"_blank\" rel=\"noopener\"> \u201cFondo Municipal de fortalecimiento de la Seguridad\u201d<\/a>.<\/p>\n","protected":false},"excerpt":{"rendered":"<p>La ordenanza fue aprobada por unanimidad del Honorable Concejo Deliberante. La defendi\u00f3 el concejal Carlos Coscia quien resalt\u00f3 la presencia<\/p>\n","protected":false},"author":4,"featured_media":173987,"comment_status":"closed","ping_status":"closed","sticky":false,"template":"","format":"standard","meta":{"_jetpack_memberships_contains_paid_content":false,"footnotes":""},"categories":[4,1],"tags":[],"class_list":["post-173986","post","type-post","status-publish","format-standard","has-post-thumbnail","hentry","category-politica","category-portada"],"jetpack_featured_media_url":"https:\/\/i0.wp.com\/cdnoticias.com\/wp-content\/uploads\/2025\/06\/HCD-sesion-12-de-junio-2025-ciudad-belgraniana.jpeg?fit=1000%2C556&ssl=1","jetpack_sharing_enabled":true,"_links":{"self":[{"href":"https:\/\/cdnoticias.com\/index.php\/wp-json\/wp\/v2\/posts\/173986","targetHints":{"allow":["GET"]}}],"collection":[{"href":"https:\/\/cdnoticias.com\/index.php\/wp-json\/wp\/v2\/posts"}],"about":[{"href":"https:\/\/cdnoticias.com\/index.php\/wp-json\/wp\/v2\/types\/post"}],"author":[{"embeddable":true,"href":"https:\/\/cdnoticias.com\/index.php\/wp-json\/wp\/v2\/users\/4"}],"replies":[{"embeddable":true,"href":"https:\/\/cdnoticias.com\/index.php\/wp-json\/wp\/v2\/comments?post=173986"}],"version-history":[{"count":0,"href":"https:\/\/cdnoticias.com\/index.php\/wp-json\/wp\/v2\/posts\/173986\/revisions"}],"wp:featuredmedia":[{"embeddable":true,"href":"https:\/\/cdnoticias.com\/index.php\/wp-json\/wp\/v2\/media\/173987"}],"wp:attachment":[{"href":"https:\/\/cdnoticias.com\/index.php\/wp-json\/wp\/v2\/media?parent=173986"}],"wp:term":[{"taxonomy":"category","embeddable":true,"href":"https:\/\/cdnoticias.com\/index.php\/wp-json\/wp\/v2\/categories?post=173986"},{"taxonomy":"post_tag","embeddable":true,"href":"https:\/\/cdnoticias.com\/index.php\/wp-json\/wp\/v2\/tags?post=173986"}],"curies":[{"name":"wp","href":"https:\/\/api.w.org\/{rel}","templated":true}]}}