{"id":17398,"date":"2021-03-29T09:04:19","date_gmt":"2021-03-29T12:04:19","guid":{"rendered":"http:\/\/www.centraldenoticias.com.ar\/?p=17398"},"modified":"2021-03-29T09:04:19","modified_gmt":"2021-03-29T12:04:19","slug":"covid-olavarria-entre-los-distritos-con-mayor-riesgo","status":"publish","type":"post","link":"https:\/\/cdnoticias.com\/index.php\/2021\/03\/29\/covid-olavarria-entre-los-distritos-con-mayor-riesgo\/","title":{"rendered":"Covid: Olavarr\u00eda, entre los distritos con mayor riesgo"},"content":{"rendered":"<p>El Gobierno Nacional estableci\u00f3 medidas restrictivas ante el aumento de casos de Covid y fij\u00f3 las zonas con aumento en los indicadores de raz\u00f3n e incidencia.<!--more--><\/p>\n<hr \/>\n<p><strong>En la noche del domingo el Gobierno Nacional anunci\u00f3 medidas restrictivas ante el aumento de casos de Covid y fij\u00f3 las zonas con aumento en los indicadores de raz\u00f3n e incidencia<\/strong> en las \u00faltimas dos semanas. <strong>Olavarr\u00eda est\u00e1 entre ellas<\/strong> y registra suba de ambas tasas.<\/p>\n<p>&nbsp;<\/p>\n<p>El <strong>jefe de Gabinete nacional, Santiago Cafiero<\/strong>, y la <strong>ministra de Salud, Carla Vizzotti<\/strong>, encabezaron el anuncio. Adem\u00e1s de presentar <strong>medidas<\/strong> y el <strong>planteo para los gobiernos provinciales y municipales<\/strong>, se expuso sobre el <strong>hallazgo de las variantes del virus Sars-Cov-2<\/strong> que aumentan los riesgos de contagio y letalidad.<\/p>\n<p>&nbsp;<\/p>\n<p>En cuanto a los indicadores de riesgo epidemiol\u00f3gico propuestos, uno de ellos es la <strong>\u201craz\u00f3n de los casos\u201d<\/strong>, es decir cuando el cociente entre el n\u00famero de casos confirmados acumulados en los \u00faltimos 14 d\u00edas y el n\u00famero de casos confirmados acumulados en los 14 d\u00edas previos,<strong> sea superior a 1.20<\/strong>.<\/p>\n<p>&nbsp;<\/p>\n<p>En tanto, la <strong>\u201ctasa de incidencia\u201d<\/strong> refiere a cuando el n\u00famero de casos confirmados acumulados en los \u00faltimos 14 d\u00edas por 100.000 habitantes sea <strong>superior a 150<\/strong>.<\/p>\n<p>&nbsp;<\/p>\n<blockquote><p>Vizzotti inform\u00f3 que con esos indicadores hay 45 departamentos de 13 provincias, que se encuentran en mayor riesgo ya que superaron los par\u00e1metros de los dos indicadores. Uno de ellos es Olavarr\u00eda en la provincia de Buenos Aires.<\/p><\/blockquote>\n<p>&nbsp;<\/p>\n<blockquote class=\"twitter-tweet\">\n<p dir=\"ltr\" lang=\"es\">Tanto la Raz\u00f3n como Incidencia, siguen con tendencia en aumento con valores por encima de los m\u00e1ximos.<br \/>\n\u2b06\ufe0fRaz\u00f3n: 2,36 (M\u00e1x 1,20)<br \/>\n\u2b06\ufe0fIncidencia: 468 (M\u00e1x 150) <a href=\"https:\/\/t.co\/XMKWlIHMoK\">pic.twitter.com\/XMKWlIHMoK<\/a><\/p>\n<p>\u2014 Fernando Quiroga \u267b (@fofoquiroga) <a href=\"https:\/\/twitter.com\/fofoquiroga\/status\/1375894954195759116?ref_src=twsrc%5Etfw\">March 27, 2021<\/a><\/p><\/blockquote>\n<p><script async src=\"https:\/\/platform.twitter.com\/widgets.js\" charset=\"utf-8\"><\/script><br \/>\nTambi\u00e9n se indic\u00f3 que<strong> hay cuatro departamentos, de cuatro provincias<\/strong>, que presentan una incidencia mayor de 150 y ya que se trata de grandes aglomerados urbanos y constituyen <strong>un riesgo elevado<\/strong>.<\/p>\n<p>&nbsp;<\/p>\n<p>Ante ello, el Gobierno nacional <strong>recomend\u00f3 \u201ca los gobiernos provinciales y municipales\u201d implementar medidas intensivas, localizadas y transitorias<\/strong>, teniendo en cuenta las actividades definidas como alto, mediano y bajo riesgo.<\/p>\n<p>&nbsp;<\/p>\n<p>En este punto, cabe se\u00f1alar que en Olavarr\u00eda<a href=\"https:\/\/cdnoticias.com\/index.php\/2021\/03\/23\/cuales-son-las-medidas-ante-el-rebrote-de-casos-de-covid-en-olavarria\/\" target=\"_blank\" rel=\"noopener\"> se anunciaron medidas restrictivas la semana pasada<\/a> y en la <a href=\"https:\/\/cdnoticias.com\/index.php\/2021\/03\/29\/emergencia-sanitaria-galli-encabezo-una-reunion-de-gabinete\/\" target=\"_blank\" rel=\"noopener\">reuni\u00f3n de gabinete municipal<\/a> convocada en la noche del domingo tras estos anuncios se enfatiz\u00f3 la importancia del programa RTA y el aumento de los testeos.\u00a0<strong>\u201cEstamos haciendo una evaluaci\u00f3n minuto a minuto de la situaci\u00f3n sanitaria\u201d dijo Galli.<\/strong><\/p>\n<p>&nbsp;<\/p>\n<p>En relaci\u00f3n con las <strong>variantes cuyo ingreso al pa\u00eds y transmisi\u00f3n implican un riesgo aumentado<\/strong> para la enfermedad, se inform\u00f3 que, si bien ninguna presenta una circulaci\u00f3n persistente, <strong>se han detectado 45 casos<\/strong>.\u00a0De ellos, 28 tienen la variante del Reino Unido (en Buenos Aires, Ciudad de Buenos Aires, C\u00f3rdoba y Tucum\u00e1n) y 17 con la variante Manaos (Ciudad de Buenos Aires, C\u00f3rdoba y Santiago del Estero).<\/p>\n<p>&nbsp;<\/p>\n<p><img data-recalc-dims=\"1\" loading=\"lazy\" decoding=\"async\" class=\"aligncenter wp-image-17400 size-full\" src=\"https:\/\/i0.wp.com\/cdnoticias.com\/wp-content\/uploads\/2021\/03\/Vizzotti-Cafiero.jpg?resize=696%2C376&#038;ssl=1\" alt=\"\" width=\"696\" height=\"376\" srcset=\"https:\/\/i0.wp.com\/cdnoticias.com\/wp-content\/uploads\/2021\/03\/Vizzotti-Cafiero-696x376.jpg?resize=696%2C376&amp;ssl=1 696w, https:\/\/i0.wp.com\/cdnoticias.com\/wp-content\/uploads\/2021\/03\/Vizzotti-Cafiero-696x376.jpg?resize=300%2C162&amp;ssl=1 300w\" sizes=\"auto, (max-width: 696px) 100vw, 696px\" \/><\/p>\n<p>&nbsp;<\/p>\n<p><strong>Medidas<\/strong><\/p>\n<p>&nbsp;<\/p>\n<p>El Gobierno nacional destac\u00f3 <strong>la importancia de continuar llevando adelante las medidas b\u00e1sicas de cuidado<\/strong> que son la distancia de dos metros, utilizar tapa boca, mantener la higiene de las manos, realizar las actividades al aire libre o en ambientes aislados.<\/p>\n<p>&nbsp;<\/p>\n<p>Adem\u00e1s, destac\u00f3 la importancia de la <strong>consulta precoz ante s\u00edntomas<\/strong>, de evitar el contacto con otras personas y de cumplir el aislamiento en caso de ser contacto estrecho de un caso.<\/p>\n<p>&nbsp;<\/p>\n<p>Estas medidas sumadas a la suspensi\u00f3n de vuelos, el refuerzo del control en la frontera y el cumplimiento del aislamiento favorecer\u00e1n el objetivo de minimizar la transmisi\u00f3n del virus.<\/p>\n<p>&nbsp;<\/p>\n<p><strong>Municipios y regiones<\/strong><\/p>\n<p>&nbsp;<\/p>\n<p>Los <strong>distritos donde aumentaron la raz\u00f3n y la incidencia<\/strong> son en las provincias de:<\/p>\n<p>&nbsp;<\/p>\n<p>&#8211;<strong>Buenos Aires<\/strong>: Avellaneda, Berazategui, Campana, Ca\u00f1uelas, Chivilcoy, Ensenada, Esteban Echeverr\u00eda, Florencio Varela, General Alvarado, General San Mart\u00edn, Hurlingham, Jos\u00e9 C. Paz, La Plata, Lan\u00fas, Malvinas Argentinas, Mor\u00f3n, Necochea, <strong>Olavarr\u00eda<\/strong>, Pilar, Quilmes, San Fernando, San Isidro, San Miguel, San Vicente, Tigre, Trenque Lauquen, y Vicente L\u00f3pez.<\/p>\n<p>&nbsp;<\/p>\n<p>&#8211;<strong>Chaco<\/strong>: Mayor Luis J. Fontana<\/p>\n<p>&nbsp;<\/p>\n<p>&#8211;<strong>C\u00f3rdoba<\/strong>: Tercero Arriba<\/p>\n<p>&nbsp;<\/p>\n<p>&#8211;<strong>Corrientes<\/strong>: Goya<\/p>\n<p>&nbsp;<\/p>\n<p>&#8211;<strong>Entre R\u00edos<\/strong>: Col\u00f3n<\/p>\n<p>&nbsp;<\/p>\n<p>&#8211;<strong>Mendoza<\/strong>: Luj\u00e1n de Cuyo<\/p>\n<p>&nbsp;<\/p>\n<p>&#8211;<strong>Misiones<\/strong>: Montecarlo<\/p>\n<p>&nbsp;<\/p>\n<p>&#8211;<strong>San Juan<\/strong>: San Juan capital<\/p>\n<p>&nbsp;<\/p>\n<p>&#8211;<strong>Santa Cruz<\/strong>: Deseado<\/p>\n<p>&nbsp;<\/p>\n<p>&#8211;<strong>Santa Fe<\/strong>: Castellanos, Constituci\u00f3n, Rosario, San Lorenzo, San Mart\u00edn<\/p>\n<p>&nbsp;<\/p>\n<p>&#8211;<strong>Santiago del Estero<\/strong>: Santiago del Estero capital<\/p>\n<p>&nbsp;<\/p>\n<p>&#8211;<strong>Tucum\u00e1n<\/strong>: San Miguel de Tucum\u00e1n, Lules, Taf\u00ed Viejo, Yerba Buena<\/p>\n<p>&nbsp;<\/p>\n<p>Los distritos donde <strong>el indicador de la raz\u00f3n permanece estable, pero es alta la incidencia<\/strong> y son grandes urbes, son:<\/p>\n<p>&nbsp;<\/p>\n<p>-Ciudad de Buenos Aires<\/p>\n<p>&nbsp;<\/p>\n<p>-Ciudad de C\u00f3rdoba<\/p>\n<p>&nbsp;<\/p>\n<p>-Ciudad de Corrientes<\/p>\n<p>&nbsp;<\/p>\n<p>-Ciudad de Posadas, Misiones<\/p>\n","protected":false},"excerpt":{"rendered":"<p>El Gobierno Nacional estableci\u00f3 medidas restrictivas ante el aumento de casos de Covid y fij\u00f3 las zonas con aumento en<\/p>\n","protected":false},"author":4,"featured_media":549,"comment_status":"closed","ping_status":"closed","sticky":false,"template":"","format":"standard","meta":{"_jetpack_memberships_contains_paid_content":false,"footnotes":""},"categories":[6,1],"tags":[],"class_list":["post-17398","post","type-post","status-publish","format-standard","has-post-thumbnail","hentry","category-nacionales","category-portada"],"jetpack_featured_media_url":"https:\/\/i0.wp.com\/cdnoticias.com\/wp-content\/uploads\/2020\/09\/parquerecreativo.jpg?fit=3864%2C2436&ssl=1","jetpack_sharing_enabled":true,"_links":{"self":[{"href":"https:\/\/cdnoticias.com\/index.php\/wp-json\/wp\/v2\/posts\/17398","targetHints":{"allow":["GET"]}}],"collection":[{"href":"https:\/\/cdnoticias.com\/index.php\/wp-json\/wp\/v2\/posts"}],"about":[{"href":"https:\/\/cdnoticias.com\/index.php\/wp-json\/wp\/v2\/types\/post"}],"author":[{"embeddable":true,"href":"https:\/\/cdnoticias.com\/index.php\/wp-json\/wp\/v2\/users\/4"}],"replies":[{"embeddable":true,"href":"https:\/\/cdnoticias.com\/index.php\/wp-json\/wp\/v2\/comments?post=17398"}],"version-history":[{"count":0,"href":"https:\/\/cdnoticias.com\/index.php\/wp-json\/wp\/v2\/posts\/17398\/revisions"}],"wp:featuredmedia":[{"embeddable":true,"href":"https:\/\/cdnoticias.com\/index.php\/wp-json\/wp\/v2\/media\/549"}],"wp:attachment":[{"href":"https:\/\/cdnoticias.com\/index.php\/wp-json\/wp\/v2\/media?parent=17398"}],"wp:term":[{"taxonomy":"category","embeddable":true,"href":"https:\/\/cdnoticias.com\/index.php\/wp-json\/wp\/v2\/categories?post=17398"},{"taxonomy":"post_tag","embeddable":true,"href":"https:\/\/cdnoticias.com\/index.php\/wp-json\/wp\/v2\/tags?post=17398"}],"curies":[{"name":"wp","href":"https:\/\/api.w.org\/{rel}","templated":true}]}}